{"id":18675,"date":"2025-05-20T10:00:00","date_gmt":"2025-05-20T10:00:00","guid":{"rendered":"https:\/\/www.wfsitalia.com\/brc-gas-equipment-bedzie-obecne-na-targach-autopromotec-2025\/"},"modified":"2026-02-03T08:54:11","modified_gmt":"2026-02-03T08:54:11","slug":"brc-gas-equipment-bedzie-obecne-na-targach-autopromotec-2025","status":"publish","type":"post","link":"https:\/\/www.wfsitalia.com\/pl\/brc-gas-equipment-bedzie-obecne-na-targach-autopromotec-2025\/","title":{"rendered":"BRC Gas Equipment b\u0119dzie obecne na targach Autopromotec 2025"},"content":{"rendered":"\t\t<div data-elementor-type=\"wp-post\" data-elementor-id=\"18675\" class=\"elementor elementor-18675 elementor-13694\">\n\t\t\t\t\t\t<section class=\"elementor-section elementor-top-section elementor-element elementor-element-702d0118 elementor-section-boxed elementor-section-height-default elementor-section-height-default\" data-id=\"702d0118\" data-element_type=\"section\" data-e-type=\"section\">\n\t\t\t\t\t\t<div class=\"elementor-container elementor-column-gap-default\">\n\t\t\t\t\t<div class=\"elementor-column elementor-col-100 elementor-top-column elementor-element elementor-element-7d6bf627\" data-id=\"7d6bf627\" data-element_type=\"column\" data-e-type=\"column\">\n\t\t\t<div class=\"elementor-widget-wrap elementor-element-populated\">\n\t\t\t\t\t\t<div class=\"elementor-element elementor-element-e704341 elementor-widget elementor-widget-text-editor\" data-id=\"e704341\" data-element_type=\"widget\" data-e-type=\"widget\" data-widget_type=\"text-editor.default\">\n\t\t\t\t<div class=\"elementor-widget-container\">\n\t\t\t\t\t\t\t\t\t<p><strong>BRC Gas Equipment <\/strong>we\u017amie udzia\u0142 w <strong>30. edycji Autopromotec<\/strong>, jednej z najwa\u017cniejszych mi\u0119dzynarodowych imprez targowych po\u015bwi\u0119conych rynkowi motoryzacyjnemu, kt\u00f3ra odb\u0119dzie si\u0119 w <strong>Bologna Fiere w dniach 21-24 maja 2025 r.<\/strong><\/p><p><strong>HALA 21 \u2013 STOISKO A37<\/strong><\/p><p>Godziny otwarcia:<\/p><p><em>\u2022 21\u201324 maja: godz. 9:00\u201318:00<\/em><\/p><p>Zapraszamy do odwiedzenia nas i zapoznania si\u0119 z nowo\u015bciami produktowymi, w tym nowymi systemami konwersji na LPG dla pojazd\u00f3w hybrydowych z silnikiem benzynowym: konkretnym i zr\u00f3wnowa\u017conym rozwi\u0105zaniem pozwalaj\u0105cym sprosta\u0107 wyzwaniom mobilno\u015bci dzisiaj i jutro.<\/p><p>Zarejestruj si\u0119 bezp\u0142atnie i odbierz bilet wst\u0119pu pod nast\u0119puj\u0105cym linkiem: <a href=\"https:\/\/www.autopromotec.com\/visitatori\/biglietti\">https:\/\/www.autopromotec.com\/visitatori\/biglietti<\/a><\/p><p><em>Czekamy na Was licznie!<\/em><\/p>\t\t\t\t\t\t\t\t<\/div>\n\t\t\t\t<\/div>\n\t\t\t\t\t<\/div>\n\t\t<\/div>\n\t\t\t\t\t<\/div>\n\t\t<\/section>\n\t\t\t\t<\/div>\n\t\t","protected":false},"excerpt":{"rendered":"<p>BRC Gas Equipment we\u017amie udzia\u0142 w 30. edycji Autopromotec, jednej z najwa\u017cniejszych mi\u0119dzynarodowych imprez targowych po\u015bwi\u0119conych rynkowi motoryzacyjnemu, kt\u00f3ra odb\u0119dzie si\u0119 w Bologna Fiere w dniach 21-24 maja 2025 r. HALA 21 \u2013 STOISKO A37 Godziny otwarcia: \u2022 21\u201324 maja: godz. 9:00\u201318:00 Zapraszamy do odwiedzenia nas i zapoznania si\u0119 z nowo\u015bciami produktowymi, w tym nowymi [&hellip;]<\/p>\n","protected":false},"author":6,"featured_media":18674,"comment_status":"closed","ping_status":"open","sticky":false,"template":"","format":"standard","meta":{"_themeisle_gutenberg_block_has_review":false,"footnotes":""},"categories":[38],"tags":[],"class_list":["post-18675","post","type-post","status-publish","format-standard","has-post-thumbnail","hentry","category-wydarzenia"],"yoast_head":"<!-- This site is optimized with the Yoast SEO plugin v27.5 - https:\/\/yoast.com\/product\/yoast-seo-wordpress\/ -->\n<title>BRC Gas Equipment b\u0119dzie obecne na targach Autopromotec 2025<\/title>\n<meta name=\"description\" content=\"BRC Gas Equipment czeka na Pa\u0144stwa na targach Autopromotec 2025, aby zaprezentowa\u0107 nowo\u015bci dotycz\u0105ce system\u00f3w LPG dla pojazd\u00f3w hybrydowych i ekologicznych.\" \/>\n<meta name=\"robots\" content=\"index, follow, max-snippet:-1, max-image-preview:large, max-video-preview:-1\" \/>\n<link rel=\"canonical\" href=\"https:\/\/www.wfsitalia.com\/pl\/brc-gas-equipment-bedzie-obecne-na-targach-autopromotec-2025\/\" \/>\n<meta property=\"og:locale\" content=\"pl_PL\" \/>\n<meta property=\"og:type\" content=\"article\" \/>\n<meta property=\"og:title\" content=\"BRC Gas Equipment b\u0119dzie obecne na targach Autopromotec 2025\" \/>\n<meta property=\"og:description\" content=\"BRC Gas Equipment czeka na Pa\u0144stwa na targach Autopromotec 2025, aby zaprezentowa\u0107 nowo\u015bci dotycz\u0105ce system\u00f3w LPG dla pojazd\u00f3w hybrydowych i ekologicznych.\" \/>\n<meta property=\"og:url\" content=\"https:\/\/www.wfsitalia.com\/pl\/brc-gas-equipment-bedzie-obecne-na-targach-autopromotec-2025\/\" \/>\n<meta property=\"og:site_name\" content=\"WFS Italia\" \/>\n<meta property=\"article:published_time\" content=\"2025-05-20T10:00:00+00:00\" \/>\n<meta property=\"article:modified_time\" content=\"2026-02-03T08:54:11+00:00\" \/>\n<meta property=\"og:image\" content=\"https:\/\/www.wfsitalia.com\/wp-content\/uploads\/2025\/06\/big_90727.jpg\" \/>\n\t<meta property=\"og:image:width\" content=\"1200\" \/>\n\t<meta property=\"og:image:height\" content=\"800\" \/>\n\t<meta property=\"og:image:type\" content=\"image\/jpeg\" \/>\n<meta name=\"author\" content=\"Martina Mascolo\" \/>\n<meta name=\"twitter:card\" content=\"summary_large_image\" \/>\n<meta name=\"twitter:label1\" content=\"Napisane przez\" \/>\n\t<meta name=\"twitter:data1\" content=\"Martina Mascolo\" \/>\n\t<meta name=\"twitter:label2\" content=\"Szacowany czas czytania\" \/>\n\t<meta name=\"twitter:data2\" content=\"1 minuta\" \/>\n<script type=\"application\/ld+json\" class=\"yoast-schema-graph\">{\"@context\":\"https:\\\/\\\/schema.org\",\"@graph\":[{\"@type\":\"Article\",\"@id\":\"https:\\\/\\\/www.wfsitalia.com\\\/pl\\\/brc-gas-equipment-bedzie-obecne-na-targach-autopromotec-2025\\\/#article\",\"isPartOf\":{\"@id\":\"https:\\\/\\\/www.wfsitalia.com\\\/pl\\\/brc-gas-equipment-bedzie-obecne-na-targach-autopromotec-2025\\\/\"},\"author\":{\"name\":\"Martina Mascolo\",\"@id\":\"https:\\\/\\\/www.wfsitalia.com\\\/pl\\\/#\\\/schema\\\/person\\\/76ccb15321733de88965939589d3b3ed\"},\"headline\":\"BRC Gas Equipment b\u0119dzie obecne na targach Autopromotec 2025\",\"datePublished\":\"2025-05-20T10:00:00+00:00\",\"dateModified\":\"2026-02-03T08:54:11+00:00\",\"mainEntityOfPage\":{\"@id\":\"https:\\\/\\\/www.wfsitalia.com\\\/pl\\\/brc-gas-equipment-bedzie-obecne-na-targach-autopromotec-2025\\\/\"},\"wordCount\":116,\"image\":{\"@id\":\"https:\\\/\\\/www.wfsitalia.com\\\/pl\\\/brc-gas-equipment-bedzie-obecne-na-targach-autopromotec-2025\\\/#primaryimage\"},\"thumbnailUrl\":\"https:\\\/\\\/www.wfsitalia.com\\\/wp-content\\\/uploads\\\/2025\\\/06\\\/big_90727.jpg\",\"articleSection\":[\"Wydarzenia\"],\"inLanguage\":\"pl-PL\"},{\"@type\":\"WebPage\",\"@id\":\"https:\\\/\\\/www.wfsitalia.com\\\/pl\\\/brc-gas-equipment-bedzie-obecne-na-targach-autopromotec-2025\\\/\",\"url\":\"https:\\\/\\\/www.wfsitalia.com\\\/pl\\\/brc-gas-equipment-bedzie-obecne-na-targach-autopromotec-2025\\\/\",\"name\":\"BRC Gas Equipment b\u0119dzie obecne na targach Autopromotec 2025\",\"isPartOf\":{\"@id\":\"https:\\\/\\\/www.wfsitalia.com\\\/pl\\\/#website\"},\"primaryImageOfPage\":{\"@id\":\"https:\\\/\\\/www.wfsitalia.com\\\/pl\\\/brc-gas-equipment-bedzie-obecne-na-targach-autopromotec-2025\\\/#primaryimage\"},\"image\":{\"@id\":\"https:\\\/\\\/www.wfsitalia.com\\\/pl\\\/brc-gas-equipment-bedzie-obecne-na-targach-autopromotec-2025\\\/#primaryimage\"},\"thumbnailUrl\":\"https:\\\/\\\/www.wfsitalia.com\\\/wp-content\\\/uploads\\\/2025\\\/06\\\/big_90727.jpg\",\"datePublished\":\"2025-05-20T10:00:00+00:00\",\"dateModified\":\"2026-02-03T08:54:11+00:00\",\"author\":{\"@id\":\"https:\\\/\\\/www.wfsitalia.com\\\/pl\\\/#\\\/schema\\\/person\\\/76ccb15321733de88965939589d3b3ed\"},\"description\":\"BRC Gas Equipment czeka na Pa\u0144stwa na targach Autopromotec 2025, aby zaprezentowa\u0107 nowo\u015bci dotycz\u0105ce system\u00f3w LPG dla pojazd\u00f3w hybrydowych i ekologicznych.\",\"breadcrumb\":{\"@id\":\"https:\\\/\\\/www.wfsitalia.com\\\/pl\\\/brc-gas-equipment-bedzie-obecne-na-targach-autopromotec-2025\\\/#breadcrumb\"},\"inLanguage\":\"pl-PL\",\"potentialAction\":[{\"@type\":\"ReadAction\",\"target\":[\"https:\\\/\\\/www.wfsitalia.com\\\/pl\\\/brc-gas-equipment-bedzie-obecne-na-targach-autopromotec-2025\\\/\"]}]},{\"@type\":\"ImageObject\",\"inLanguage\":\"pl-PL\",\"@id\":\"https:\\\/\\\/www.wfsitalia.com\\\/pl\\\/brc-gas-equipment-bedzie-obecne-na-targach-autopromotec-2025\\\/#primaryimage\",\"url\":\"https:\\\/\\\/www.wfsitalia.com\\\/wp-content\\\/uploads\\\/2025\\\/06\\\/big_90727.jpg\",\"contentUrl\":\"https:\\\/\\\/www.wfsitalia.com\\\/wp-content\\\/uploads\\\/2025\\\/06\\\/big_90727.jpg\",\"width\":1200,\"height\":800,\"caption\":\"plakat wydarzenia autopromotec\"},{\"@type\":\"BreadcrumbList\",\"@id\":\"https:\\\/\\\/www.wfsitalia.com\\\/pl\\\/brc-gas-equipment-bedzie-obecne-na-targach-autopromotec-2025\\\/#breadcrumb\",\"itemListElement\":[{\"@type\":\"ListItem\",\"position\":1,\"name\":\"Home\",\"item\":\"https:\\\/\\\/www.wfsitalia.com\\\/pl\\\/\"},{\"@type\":\"ListItem\",\"position\":2,\"name\":\"BRC Gas Equipment b\u0119dzie obecne na targach Autopromotec 2025\"}]},{\"@type\":\"WebSite\",\"@id\":\"https:\\\/\\\/www.wfsitalia.com\\\/pl\\\/#website\",\"url\":\"https:\\\/\\\/www.wfsitalia.com\\\/pl\\\/\",\"name\":\"WFS Italia\",\"description\":\"Westport Fuel Systems Inc.\",\"potentialAction\":[{\"@type\":\"SearchAction\",\"target\":{\"@type\":\"EntryPoint\",\"urlTemplate\":\"https:\\\/\\\/www.wfsitalia.com\\\/pl\\\/?s={search_term_string}\"},\"query-input\":{\"@type\":\"PropertyValueSpecification\",\"valueRequired\":true,\"valueName\":\"search_term_string\"}}],\"inLanguage\":\"pl-PL\"},{\"@type\":\"Person\",\"@id\":\"https:\\\/\\\/www.wfsitalia.com\\\/pl\\\/#\\\/schema\\\/person\\\/76ccb15321733de88965939589d3b3ed\",\"name\":\"Martina Mascolo\",\"image\":{\"@type\":\"ImageObject\",\"inLanguage\":\"pl-PL\",\"@id\":\"https:\\\/\\\/secure.gravatar.com\\\/avatar\\\/0ead8d26da2bd5b9d137d0ab5007b7530729dae25a9ebce18b47cd6b9a8abb4a?s=96&d=mm&r=g\",\"url\":\"https:\\\/\\\/secure.gravatar.com\\\/avatar\\\/0ead8d26da2bd5b9d137d0ab5007b7530729dae25a9ebce18b47cd6b9a8abb4a?s=96&d=mm&r=g\",\"contentUrl\":\"https:\\\/\\\/secure.gravatar.com\\\/avatar\\\/0ead8d26da2bd5b9d137d0ab5007b7530729dae25a9ebce18b47cd6b9a8abb4a?s=96&d=mm&r=g\",\"caption\":\"Martina Mascolo\"}}]}<\/script>\n<!-- \/ Yoast SEO plugin. -->","yoast_head_json":{"title":"BRC Gas Equipment b\u0119dzie obecne na targach Autopromotec 2025","description":"BRC Gas Equipment czeka na Pa\u0144stwa na targach Autopromotec 2025, aby zaprezentowa\u0107 nowo\u015bci dotycz\u0105ce system\u00f3w LPG dla pojazd\u00f3w hybrydowych i ekologicznych.","robots":{"index":"index","follow":"follow","max-snippet":"max-snippet:-1","max-image-preview":"max-image-preview:large","max-video-preview":"max-video-preview:-1"},"canonical":"https:\/\/www.wfsitalia.com\/pl\/brc-gas-equipment-bedzie-obecne-na-targach-autopromotec-2025\/","og_locale":"pl_PL","og_type":"article","og_title":"BRC Gas Equipment b\u0119dzie obecne na targach Autopromotec 2025","og_description":"BRC Gas Equipment czeka na Pa\u0144stwa na targach Autopromotec 2025, aby zaprezentowa\u0107 nowo\u015bci dotycz\u0105ce system\u00f3w LPG dla pojazd\u00f3w hybrydowych i ekologicznych.","og_url":"https:\/\/www.wfsitalia.com\/pl\/brc-gas-equipment-bedzie-obecne-na-targach-autopromotec-2025\/","og_site_name":"WFS Italia","article_published_time":"2025-05-20T10:00:00+00:00","article_modified_time":"2026-02-03T08:54:11+00:00","og_image":[{"width":1200,"height":800,"url":"https:\/\/www.wfsitalia.com\/wp-content\/uploads\/2025\/06\/big_90727.jpg","type":"image\/jpeg"}],"author":"Martina Mascolo","twitter_card":"summary_large_image","twitter_misc":{"Napisane przez":"Martina Mascolo","Szacowany czas czytania":"1 minuta"},"schema":{"@context":"https:\/\/schema.org","@graph":[{"@type":"Article","@id":"https:\/\/www.wfsitalia.com\/pl\/brc-gas-equipment-bedzie-obecne-na-targach-autopromotec-2025\/#article","isPartOf":{"@id":"https:\/\/www.wfsitalia.com\/pl\/brc-gas-equipment-bedzie-obecne-na-targach-autopromotec-2025\/"},"author":{"name":"Martina Mascolo","@id":"https:\/\/www.wfsitalia.com\/pl\/#\/schema\/person\/76ccb15321733de88965939589d3b3ed"},"headline":"BRC Gas Equipment b\u0119dzie obecne na targach Autopromotec 2025","datePublished":"2025-05-20T10:00:00+00:00","dateModified":"2026-02-03T08:54:11+00:00","mainEntityOfPage":{"@id":"https:\/\/www.wfsitalia.com\/pl\/brc-gas-equipment-bedzie-obecne-na-targach-autopromotec-2025\/"},"wordCount":116,"image":{"@id":"https:\/\/www.wfsitalia.com\/pl\/brc-gas-equipment-bedzie-obecne-na-targach-autopromotec-2025\/#primaryimage"},"thumbnailUrl":"https:\/\/www.wfsitalia.com\/wp-content\/uploads\/2025\/06\/big_90727.jpg","articleSection":["Wydarzenia"],"inLanguage":"pl-PL"},{"@type":"WebPage","@id":"https:\/\/www.wfsitalia.com\/pl\/brc-gas-equipment-bedzie-obecne-na-targach-autopromotec-2025\/","url":"https:\/\/www.wfsitalia.com\/pl\/brc-gas-equipment-bedzie-obecne-na-targach-autopromotec-2025\/","name":"BRC Gas Equipment b\u0119dzie obecne na targach Autopromotec 2025","isPartOf":{"@id":"https:\/\/www.wfsitalia.com\/pl\/#website"},"primaryImageOfPage":{"@id":"https:\/\/www.wfsitalia.com\/pl\/brc-gas-equipment-bedzie-obecne-na-targach-autopromotec-2025\/#primaryimage"},"image":{"@id":"https:\/\/www.wfsitalia.com\/pl\/brc-gas-equipment-bedzie-obecne-na-targach-autopromotec-2025\/#primaryimage"},"thumbnailUrl":"https:\/\/www.wfsitalia.com\/wp-content\/uploads\/2025\/06\/big_90727.jpg","datePublished":"2025-05-20T10:00:00+00:00","dateModified":"2026-02-03T08:54:11+00:00","author":{"@id":"https:\/\/www.wfsitalia.com\/pl\/#\/schema\/person\/76ccb15321733de88965939589d3b3ed"},"description":"BRC Gas Equipment czeka na Pa\u0144stwa na targach Autopromotec 2025, aby zaprezentowa\u0107 nowo\u015bci dotycz\u0105ce system\u00f3w LPG dla pojazd\u00f3w hybrydowych i ekologicznych.","breadcrumb":{"@id":"https:\/\/www.wfsitalia.com\/pl\/brc-gas-equipment-bedzie-obecne-na-targach-autopromotec-2025\/#breadcrumb"},"inLanguage":"pl-PL","potentialAction":[{"@type":"ReadAction","target":["https:\/\/www.wfsitalia.com\/pl\/brc-gas-equipment-bedzie-obecne-na-targach-autopromotec-2025\/"]}]},{"@type":"ImageObject","inLanguage":"pl-PL","@id":"https:\/\/www.wfsitalia.com\/pl\/brc-gas-equipment-bedzie-obecne-na-targach-autopromotec-2025\/#primaryimage","url":"https:\/\/www.wfsitalia.com\/wp-content\/uploads\/2025\/06\/big_90727.jpg","contentUrl":"https:\/\/www.wfsitalia.com\/wp-content\/uploads\/2025\/06\/big_90727.jpg","width":1200,"height":800,"caption":"plakat wydarzenia autopromotec"},{"@type":"BreadcrumbList","@id":"https:\/\/www.wfsitalia.com\/pl\/brc-gas-equipment-bedzie-obecne-na-targach-autopromotec-2025\/#breadcrumb","itemListElement":[{"@type":"ListItem","position":1,"name":"Home","item":"https:\/\/www.wfsitalia.com\/pl\/"},{"@type":"ListItem","position":2,"name":"BRC Gas Equipment b\u0119dzie obecne na targach Autopromotec 2025"}]},{"@type":"WebSite","@id":"https:\/\/www.wfsitalia.com\/pl\/#website","url":"https:\/\/www.wfsitalia.com\/pl\/","name":"WFS Italia","description":"Westport Fuel Systems Inc.","potentialAction":[{"@type":"SearchAction","target":{"@type":"EntryPoint","urlTemplate":"https:\/\/www.wfsitalia.com\/pl\/?s={search_term_string}"},"query-input":{"@type":"PropertyValueSpecification","valueRequired":true,"valueName":"search_term_string"}}],"inLanguage":"pl-PL"},{"@type":"Person","@id":"https:\/\/www.wfsitalia.com\/pl\/#\/schema\/person\/76ccb15321733de88965939589d3b3ed","name":"Martina Mascolo","image":{"@type":"ImageObject","inLanguage":"pl-PL","@id":"https:\/\/secure.gravatar.com\/avatar\/0ead8d26da2bd5b9d137d0ab5007b7530729dae25a9ebce18b47cd6b9a8abb4a?s=96&d=mm&r=g","url":"https:\/\/secure.gravatar.com\/avatar\/0ead8d26da2bd5b9d137d0ab5007b7530729dae25a9ebce18b47cd6b9a8abb4a?s=96&d=mm&r=g","contentUrl":"https:\/\/secure.gravatar.com\/avatar\/0ead8d26da2bd5b9d137d0ab5007b7530729dae25a9ebce18b47cd6b9a8abb4a?s=96&d=mm&r=g","caption":"Martina Mascolo"}}]}},"_links":{"self":[{"href":"https:\/\/www.wfsitalia.com\/pl\/wp-json\/wp\/v2\/posts\/18675","targetHints":{"allow":["GET"]}}],"collection":[{"href":"https:\/\/www.wfsitalia.com\/pl\/wp-json\/wp\/v2\/posts"}],"about":[{"href":"https:\/\/www.wfsitalia.com\/pl\/wp-json\/wp\/v2\/types\/post"}],"author":[{"embeddable":true,"href":"https:\/\/www.wfsitalia.com\/pl\/wp-json\/wp\/v2\/users\/6"}],"replies":[{"embeddable":true,"href":"https:\/\/www.wfsitalia.com\/pl\/wp-json\/wp\/v2\/comments?post=18675"}],"version-history":[{"count":1,"href":"https:\/\/www.wfsitalia.com\/pl\/wp-json\/wp\/v2\/posts\/18675\/revisions"}],"predecessor-version":[{"id":18676,"href":"https:\/\/www.wfsitalia.com\/pl\/wp-json\/wp\/v2\/posts\/18675\/revisions\/18676"}],"wp:featuredmedia":[{"embeddable":true,"href":"https:\/\/www.wfsitalia.com\/pl\/wp-json\/wp\/v2\/media\/18674"}],"wp:attachment":[{"href":"https:\/\/www.wfsitalia.com\/pl\/wp-json\/wp\/v2\/media?parent=18675"}],"wp:term":[{"taxonomy":"category","embeddable":true,"href":"https:\/\/www.wfsitalia.com\/pl\/wp-json\/wp\/v2\/categories?post=18675"},{"taxonomy":"post_tag","embeddable":true,"href":"https:\/\/www.wfsitalia.com\/pl\/wp-json\/wp\/v2\/tags?post=18675"}],"curies":[{"name":"wp","href":"https:\/\/api.w.org\/{rel}","templated":true}]}}