{"id":18658,"date":"2025-09-12T15:33:18","date_gmt":"2025-09-12T15:33:18","guid":{"rendered":"https:\/\/www.wfsitalia.com\/autogasday-2025-przyszlosc-alternatywnej-mobilnosci-opartej-na-lpg-omawiana-w-rio-de-janeiro\/"},"modified":"2026-02-05T14:26:00","modified_gmt":"2026-02-05T14:26:00","slug":"autogasday-2025-przyszlosc-alternatywnej-mobilnosci-opartej-na-lpg-omawiana-w-rio-de-janeiro","status":"publish","type":"post","link":"https:\/\/www.wfsitalia.com\/pl\/autogasday-2025-przyszlosc-alternatywnej-mobilnosci-opartej-na-lpg-omawiana-w-rio-de-janeiro\/","title":{"rendered":"AUTOGASDAY 2025: przysz\u0142o\u015b\u0107 alternatywnej mobilno\u015bci opartej na LPG omawiana w Rio de Janeiro"},"content":{"rendered":"\n<p><\/p>\n<p>LPG jest jedn\u0105 z najbardziej ekologicznych i ekonomicznych alternatyw dla tradycyjnych paliw, wybran\u0105 ju\u017c przez ponad <strong><strong>27 milion\u00f3w kierowc\u00f3w<\/strong><\/strong> na ca\u0142ym \u015bwiecie. Zmniejsza emisj\u0119 spalin i koszty eksploatacji, przyczyniaj\u0105c si\u0119 do bardziej zr\u00f3wnowa\u017conej i dost\u0119pnej mobilno\u015bci. <\/p>\n<p>25 wrze\u015bnia 2025 r. w Rio de Janeiro, w ramach LiquidGasWeek, odb\u0119dzie si\u0119 AUTOGASDAY, mi\u0119dzynarodowe wydarzenie po\u015bwi\u0119cone alternatywnej mobilno\u015bci opartej na LPG.<\/p>\n<p>Prelegenci i eksperci z ca\u0142ego \u015bwiata podziel\u0105 si\u0119 aktualno\u015bciami, trendami i strategiami na rzecz bardziej zr\u00f3wnowa\u017conej i wydajnej przysz\u0142o\u015bci w bran\u017cy motoryzacyjnej.<\/p>\n<p>LPG jest trzecim najcz\u0119\u015bciej stosowanym paliwem samochodowym na \u015bwiecie i najta\u0144szym paliwem alternatywnym. LPG emituje niemal nieistotn\u0105 ilo\u015b\u0107 cz\u0105stek sta\u0142ych, mniej CO2 i zmniejsza emisj\u0119, w tym NOx. Jazda pojazdem nap\u0119dzanym LPG jest bezpieczna, \u0142atwa i zazwyczaj ta\u0144sza ni\u017c w przypadku modelu benzynowego lub diesla. Atrakcyjno\u015b\u0107 LPG jako czystego i nowoczesnego paliwa samochodowego staje si\u0119 jeszcze wi\u0119ksza wraz z pojawieniem si\u0119 LPG pochodz\u0105cego ze \u017ar\u00f3de\u0142 odnawialnych.   <\/p>\n<p><img decoding=\"async\" src=\"https:\/\/www.wfsitalia.com\/wp-content\/uploads\/2025\/10\/auto-gas-day-2021-insert-300x123.webp\" sizes=\"(max-width: 300px) 100vw, 300px\" srcset=\"https:\/\/www.wfsitalia.com\/wp-content\/uploads\/2025\/10\/auto-gas-day-2021-insert-300x123.webp 300w, https:\/\/www.wfsitalia.com\/wp-content\/uploads\/2025\/10\/auto-gas-day-2021-insert-1024x420.webp 1024w, https:\/\/www.wfsitalia.com\/wp-content\/uploads\/2025\/10\/auto-gas-day-2021-insert-1536x631.webp 1536w, https:\/\/www.wfsitalia.com\/wp-content\/uploads\/2025\/10\/auto-gas-day-2021-insert.webp 1600w\" alt=\"\" width=\"300\" height=\"123\"><\/p>\n<p>Wi\u0119cej informacji: <strong><a style=\"color: black;\" href=\"http:\/\/www.liquidgasweek.com\/autogas-day\">www.liquidgasweek.com\/autogas-day<\/a><\/strong><\/p>\n\n<p><\/p>\n","protected":false},"excerpt":{"rendered":"<p>LPG jest jedn\u0105 z najbardziej ekologicznych i ekonomicznych alternatyw dla tradycyjnych paliw, wybran\u0105 ju\u017c przez ponad 27 milion\u00f3w kierowc\u00f3w na ca\u0142ym \u015bwiecie. Zmniejsza emisj\u0119 spalin i koszty eksploatacji, przyczyniaj\u0105c si\u0119 do bardziej zr\u00f3wnowa\u017conej i dost\u0119pnej mobilno\u015bci. 25 wrze\u015bnia 2025 r. w Rio de Janeiro, w ramach LiquidGasWeek, odb\u0119dzie si\u0119 AUTOGASDAY, mi\u0119dzynarodowe wydarzenie po\u015bwi\u0119cone alternatywnej mobilno\u015bci [&hellip;]<\/p>\n","protected":false},"author":11,"featured_media":0,"comment_status":"closed","ping_status":"open","sticky":false,"template":"","format":"standard","meta":{"_themeisle_gutenberg_block_has_review":false,"footnotes":""},"categories":[38],"tags":[],"class_list":["post-18658","post","type-post","status-publish","format-standard","hentry","category-wydarzenia"],"yoast_head":"<!-- This site is optimized with the Yoast SEO plugin v27.5 - https:\/\/yoast.com\/product\/yoast-seo-wordpress\/ -->\n<title>AUTOGASDAY 2025: przysz\u0142o\u015b\u0107 alternatywnej mobilno\u015bci opartej na LPG omawiana w Rio de Janeiro - WFS Italia AUTOGASDAY 2025: przysz\u0142o\u015b\u0107 LPG w Rio de Janeiro<\/title>\n<meta name=\"description\" content=\"W Rio de Janeiro dyskutuje si\u0119 nad przysz\u0142o\u015bci\u0105 mobilno\u015bci opartej na gazie p\u0142ynnym: zr\u00f3wnowa\u017conym rozwojem, innowacjami i nowymi strategiami na rzecz czystszego transportu.\" \/>\n<meta name=\"robots\" content=\"index, follow, max-snippet:-1, max-image-preview:large, max-video-preview:-1\" \/>\n<link rel=\"canonical\" href=\"https:\/\/www.wfsitalia.com\/pl\/autogasday-2025-przyszlosc-alternatywnej-mobilnosci-opartej-na-lpg-omawiana-w-rio-de-janeiro\/\" \/>\n<meta property=\"og:locale\" content=\"pl_PL\" \/>\n<meta property=\"og:type\" content=\"article\" \/>\n<meta property=\"og:title\" content=\"AUTOGASDAY 2025: przysz\u0142o\u015b\u0107 alternatywnej mobilno\u015bci opartej na LPG omawiana w Rio de Janeiro - WFS Italia AUTOGASDAY 2025: przysz\u0142o\u015b\u0107 LPG w Rio de Janeiro\" \/>\n<meta property=\"og:description\" content=\"W Rio de Janeiro dyskutuje si\u0119 nad przysz\u0142o\u015bci\u0105 mobilno\u015bci opartej na gazie p\u0142ynnym: zr\u00f3wnowa\u017conym rozwojem, innowacjami i nowymi strategiami na rzecz czystszego transportu.\" \/>\n<meta property=\"og:url\" content=\"https:\/\/www.wfsitalia.com\/pl\/autogasday-2025-przyszlosc-alternatywnej-mobilnosci-opartej-na-lpg-omawiana-w-rio-de-janeiro\/\" \/>\n<meta property=\"og:site_name\" content=\"WFS Italia\" \/>\n<meta property=\"article:published_time\" content=\"2025-09-12T15:33:18+00:00\" \/>\n<meta property=\"article:modified_time\" content=\"2026-02-05T14:26:00+00:00\" \/>\n<meta property=\"og:image\" content=\"https:\/\/www.wfsitalia.com\/wp-content\/uploads\/2025\/09\/Frame-11.png\" \/>\n\t<meta property=\"og:image:width\" content=\"1600\" \/>\n\t<meta property=\"og:image:height\" content=\"900\" \/>\n\t<meta property=\"og:image:type\" content=\"image\/png\" \/>\n<meta name=\"author\" content=\"Davide.Colombano@wfsinc.com\" \/>\n<meta name=\"twitter:card\" content=\"summary_large_image\" \/>\n<meta name=\"twitter:label1\" content=\"Napisane przez\" \/>\n\t<meta name=\"twitter:data1\" content=\"Davide.Colombano@wfsinc.com\" \/>\n\t<meta name=\"twitter:label2\" content=\"Szacowany czas czytania\" \/>\n\t<meta name=\"twitter:data2\" content=\"2 minuty\" \/>\n<script type=\"application\/ld+json\" class=\"yoast-schema-graph\">{\"@context\":\"https:\\\/\\\/schema.org\",\"@graph\":[{\"@type\":\"Article\",\"@id\":\"https:\\\/\\\/www.wfsitalia.com\\\/pl\\\/autogasday-2025-przyszlosc-alternatywnej-mobilnosci-opartej-na-lpg-omawiana-w-rio-de-janeiro\\\/#article\",\"isPartOf\":{\"@id\":\"https:\\\/\\\/www.wfsitalia.com\\\/pl\\\/autogasday-2025-przyszlosc-alternatywnej-mobilnosci-opartej-na-lpg-omawiana-w-rio-de-janeiro\\\/\"},\"author\":{\"name\":\"Davide.Colombano@wfsinc.com\",\"@id\":\"https:\\\/\\\/www.wfsitalia.com\\\/pl\\\/#\\\/schema\\\/person\\\/f26491b5045fbc038b6214b5a6a4bfe2\"},\"headline\":\"AUTOGASDAY 2025: przysz\u0142o\u015b\u0107 alternatywnej mobilno\u015bci opartej na LPG omawiana w Rio de Janeiro\",\"datePublished\":\"2025-09-12T15:33:18+00:00\",\"dateModified\":\"2026-02-05T14:26:00+00:00\",\"mainEntityOfPage\":{\"@id\":\"https:\\\/\\\/www.wfsitalia.com\\\/pl\\\/autogasday-2025-przyszlosc-alternatywnej-mobilnosci-opartej-na-lpg-omawiana-w-rio-de-janeiro\\\/\"},\"wordCount\":194,\"image\":{\"@id\":\"https:\\\/\\\/www.wfsitalia.com\\\/pl\\\/autogasday-2025-przyszlosc-alternatywnej-mobilnosci-opartej-na-lpg-omawiana-w-rio-de-janeiro\\\/#primaryimage\"},\"thumbnailUrl\":\"https:\\\/\\\/www.wfsitalia.com\\\/wp-content\\\/uploads\\\/2025\\\/10\\\/auto-gas-day-2021-insert-300x123.webp\",\"articleSection\":[\"Wydarzenia\"],\"inLanguage\":\"pl-PL\"},{\"@type\":\"WebPage\",\"@id\":\"https:\\\/\\\/www.wfsitalia.com\\\/pl\\\/autogasday-2025-przyszlosc-alternatywnej-mobilnosci-opartej-na-lpg-omawiana-w-rio-de-janeiro\\\/\",\"url\":\"https:\\\/\\\/www.wfsitalia.com\\\/pl\\\/autogasday-2025-przyszlosc-alternatywnej-mobilnosci-opartej-na-lpg-omawiana-w-rio-de-janeiro\\\/\",\"name\":\"AUTOGASDAY 2025: przysz\u0142o\u015b\u0107 alternatywnej mobilno\u015bci opartej na LPG omawiana w Rio de Janeiro - WFS Italia AUTOGASDAY 2025: przysz\u0142o\u015b\u0107 LPG w Rio de Janeiro\",\"isPartOf\":{\"@id\":\"https:\\\/\\\/www.wfsitalia.com\\\/pl\\\/#website\"},\"primaryImageOfPage\":{\"@id\":\"https:\\\/\\\/www.wfsitalia.com\\\/pl\\\/autogasday-2025-przyszlosc-alternatywnej-mobilnosci-opartej-na-lpg-omawiana-w-rio-de-janeiro\\\/#primaryimage\"},\"image\":{\"@id\":\"https:\\\/\\\/www.wfsitalia.com\\\/pl\\\/autogasday-2025-przyszlosc-alternatywnej-mobilnosci-opartej-na-lpg-omawiana-w-rio-de-janeiro\\\/#primaryimage\"},\"thumbnailUrl\":\"https:\\\/\\\/www.wfsitalia.com\\\/wp-content\\\/uploads\\\/2025\\\/10\\\/auto-gas-day-2021-insert-300x123.webp\",\"datePublished\":\"2025-09-12T15:33:18+00:00\",\"dateModified\":\"2026-02-05T14:26:00+00:00\",\"author\":{\"@id\":\"https:\\\/\\\/www.wfsitalia.com\\\/pl\\\/#\\\/schema\\\/person\\\/f26491b5045fbc038b6214b5a6a4bfe2\"},\"description\":\"W Rio de Janeiro dyskutuje si\u0119 nad przysz\u0142o\u015bci\u0105 mobilno\u015bci opartej na gazie p\u0142ynnym: zr\u00f3wnowa\u017conym rozwojem, innowacjami i nowymi strategiami na rzecz czystszego transportu.\",\"breadcrumb\":{\"@id\":\"https:\\\/\\\/www.wfsitalia.com\\\/pl\\\/autogasday-2025-przyszlosc-alternatywnej-mobilnosci-opartej-na-lpg-omawiana-w-rio-de-janeiro\\\/#breadcrumb\"},\"inLanguage\":\"pl-PL\",\"potentialAction\":[{\"@type\":\"ReadAction\",\"target\":[\"https:\\\/\\\/www.wfsitalia.com\\\/pl\\\/autogasday-2025-przyszlosc-alternatywnej-mobilnosci-opartej-na-lpg-omawiana-w-rio-de-janeiro\\\/\"]}]},{\"@type\":\"ImageObject\",\"inLanguage\":\"pl-PL\",\"@id\":\"https:\\\/\\\/www.wfsitalia.com\\\/pl\\\/autogasday-2025-przyszlosc-alternatywnej-mobilnosci-opartej-na-lpg-omawiana-w-rio-de-janeiro\\\/#primaryimage\",\"url\":\"https:\\\/\\\/www.wfsitalia.com\\\/wp-content\\\/uploads\\\/2025\\\/10\\\/auto-gas-day-2021-insert-300x123.webp\",\"contentUrl\":\"https:\\\/\\\/www.wfsitalia.com\\\/wp-content\\\/uploads\\\/2025\\\/10\\\/auto-gas-day-2021-insert-300x123.webp\"},{\"@type\":\"BreadcrumbList\",\"@id\":\"https:\\\/\\\/www.wfsitalia.com\\\/pl\\\/autogasday-2025-przyszlosc-alternatywnej-mobilnosci-opartej-na-lpg-omawiana-w-rio-de-janeiro\\\/#breadcrumb\",\"itemListElement\":[{\"@type\":\"ListItem\",\"position\":1,\"name\":\"Home\",\"item\":\"https:\\\/\\\/www.wfsitalia.com\\\/pl\\\/\"},{\"@type\":\"ListItem\",\"position\":2,\"name\":\"AUTOGASDAY 2025: przysz\u0142o\u015b\u0107 alternatywnej mobilno\u015bci opartej na LPG omawiana w Rio de Janeiro\"}]},{\"@type\":\"WebSite\",\"@id\":\"https:\\\/\\\/www.wfsitalia.com\\\/pl\\\/#website\",\"url\":\"https:\\\/\\\/www.wfsitalia.com\\\/pl\\\/\",\"name\":\"WFS Italia\",\"description\":\"Westport Fuel Systems Inc.\",\"potentialAction\":[{\"@type\":\"SearchAction\",\"target\":{\"@type\":\"EntryPoint\",\"urlTemplate\":\"https:\\\/\\\/www.wfsitalia.com\\\/pl\\\/?s={search_term_string}\"},\"query-input\":{\"@type\":\"PropertyValueSpecification\",\"valueRequired\":true,\"valueName\":\"search_term_string\"}}],\"inLanguage\":\"pl-PL\"},{\"@type\":\"Person\",\"@id\":\"https:\\\/\\\/www.wfsitalia.com\\\/pl\\\/#\\\/schema\\\/person\\\/f26491b5045fbc038b6214b5a6a4bfe2\",\"name\":\"Davide.Colombano@wfsinc.com\",\"image\":{\"@type\":\"ImageObject\",\"inLanguage\":\"pl-PL\",\"@id\":\"https:\\\/\\\/secure.gravatar.com\\\/avatar\\\/6453bde75acb4ccb179008e04a917e08b1b143bec50863ec6512f0af45680fb2?s=96&d=mm&r=g\",\"url\":\"https:\\\/\\\/secure.gravatar.com\\\/avatar\\\/6453bde75acb4ccb179008e04a917e08b1b143bec50863ec6512f0af45680fb2?s=96&d=mm&r=g\",\"contentUrl\":\"https:\\\/\\\/secure.gravatar.com\\\/avatar\\\/6453bde75acb4ccb179008e04a917e08b1b143bec50863ec6512f0af45680fb2?s=96&d=mm&r=g\",\"caption\":\"Davide.Colombano@wfsinc.com\"}}]}<\/script>\n<!-- \/ Yoast SEO plugin. -->","yoast_head_json":{"title":"AUTOGASDAY 2025: przysz\u0142o\u015b\u0107 alternatywnej mobilno\u015bci opartej na LPG omawiana w Rio de Janeiro - WFS Italia AUTOGASDAY 2025: przysz\u0142o\u015b\u0107 LPG w Rio de Janeiro","description":"W Rio de Janeiro dyskutuje si\u0119 nad przysz\u0142o\u015bci\u0105 mobilno\u015bci opartej na gazie p\u0142ynnym: zr\u00f3wnowa\u017conym rozwojem, innowacjami i nowymi strategiami na rzecz czystszego transportu.","robots":{"index":"index","follow":"follow","max-snippet":"max-snippet:-1","max-image-preview":"max-image-preview:large","max-video-preview":"max-video-preview:-1"},"canonical":"https:\/\/www.wfsitalia.com\/pl\/autogasday-2025-przyszlosc-alternatywnej-mobilnosci-opartej-na-lpg-omawiana-w-rio-de-janeiro\/","og_locale":"pl_PL","og_type":"article","og_title":"AUTOGASDAY 2025: przysz\u0142o\u015b\u0107 alternatywnej mobilno\u015bci opartej na LPG omawiana w Rio de Janeiro - WFS Italia AUTOGASDAY 2025: przysz\u0142o\u015b\u0107 LPG w Rio de Janeiro","og_description":"W Rio de Janeiro dyskutuje si\u0119 nad przysz\u0142o\u015bci\u0105 mobilno\u015bci opartej na gazie p\u0142ynnym: zr\u00f3wnowa\u017conym rozwojem, innowacjami i nowymi strategiami na rzecz czystszego transportu.","og_url":"https:\/\/www.wfsitalia.com\/pl\/autogasday-2025-przyszlosc-alternatywnej-mobilnosci-opartej-na-lpg-omawiana-w-rio-de-janeiro\/","og_site_name":"WFS Italia","article_published_time":"2025-09-12T15:33:18+00:00","article_modified_time":"2026-02-05T14:26:00+00:00","og_image":[{"width":1600,"height":900,"url":"https:\/\/www.wfsitalia.com\/wp-content\/uploads\/2025\/09\/Frame-11.png","type":"image\/png"}],"author":"Davide.Colombano@wfsinc.com","twitter_card":"summary_large_image","twitter_misc":{"Napisane przez":"Davide.Colombano@wfsinc.com","Szacowany czas czytania":"2 minuty"},"schema":{"@context":"https:\/\/schema.org","@graph":[{"@type":"Article","@id":"https:\/\/www.wfsitalia.com\/pl\/autogasday-2025-przyszlosc-alternatywnej-mobilnosci-opartej-na-lpg-omawiana-w-rio-de-janeiro\/#article","isPartOf":{"@id":"https:\/\/www.wfsitalia.com\/pl\/autogasday-2025-przyszlosc-alternatywnej-mobilnosci-opartej-na-lpg-omawiana-w-rio-de-janeiro\/"},"author":{"name":"Davide.Colombano@wfsinc.com","@id":"https:\/\/www.wfsitalia.com\/pl\/#\/schema\/person\/f26491b5045fbc038b6214b5a6a4bfe2"},"headline":"AUTOGASDAY 2025: przysz\u0142o\u015b\u0107 alternatywnej mobilno\u015bci opartej na LPG omawiana w Rio de Janeiro","datePublished":"2025-09-12T15:33:18+00:00","dateModified":"2026-02-05T14:26:00+00:00","mainEntityOfPage":{"@id":"https:\/\/www.wfsitalia.com\/pl\/autogasday-2025-przyszlosc-alternatywnej-mobilnosci-opartej-na-lpg-omawiana-w-rio-de-janeiro\/"},"wordCount":194,"image":{"@id":"https:\/\/www.wfsitalia.com\/pl\/autogasday-2025-przyszlosc-alternatywnej-mobilnosci-opartej-na-lpg-omawiana-w-rio-de-janeiro\/#primaryimage"},"thumbnailUrl":"https:\/\/www.wfsitalia.com\/wp-content\/uploads\/2025\/10\/auto-gas-day-2021-insert-300x123.webp","articleSection":["Wydarzenia"],"inLanguage":"pl-PL"},{"@type":"WebPage","@id":"https:\/\/www.wfsitalia.com\/pl\/autogasday-2025-przyszlosc-alternatywnej-mobilnosci-opartej-na-lpg-omawiana-w-rio-de-janeiro\/","url":"https:\/\/www.wfsitalia.com\/pl\/autogasday-2025-przyszlosc-alternatywnej-mobilnosci-opartej-na-lpg-omawiana-w-rio-de-janeiro\/","name":"AUTOGASDAY 2025: przysz\u0142o\u015b\u0107 alternatywnej mobilno\u015bci opartej na LPG omawiana w Rio de Janeiro - WFS Italia AUTOGASDAY 2025: przysz\u0142o\u015b\u0107 LPG w Rio de Janeiro","isPartOf":{"@id":"https:\/\/www.wfsitalia.com\/pl\/#website"},"primaryImageOfPage":{"@id":"https:\/\/www.wfsitalia.com\/pl\/autogasday-2025-przyszlosc-alternatywnej-mobilnosci-opartej-na-lpg-omawiana-w-rio-de-janeiro\/#primaryimage"},"image":{"@id":"https:\/\/www.wfsitalia.com\/pl\/autogasday-2025-przyszlosc-alternatywnej-mobilnosci-opartej-na-lpg-omawiana-w-rio-de-janeiro\/#primaryimage"},"thumbnailUrl":"https:\/\/www.wfsitalia.com\/wp-content\/uploads\/2025\/10\/auto-gas-day-2021-insert-300x123.webp","datePublished":"2025-09-12T15:33:18+00:00","dateModified":"2026-02-05T14:26:00+00:00","author":{"@id":"https:\/\/www.wfsitalia.com\/pl\/#\/schema\/person\/f26491b5045fbc038b6214b5a6a4bfe2"},"description":"W Rio de Janeiro dyskutuje si\u0119 nad przysz\u0142o\u015bci\u0105 mobilno\u015bci opartej na gazie p\u0142ynnym: zr\u00f3wnowa\u017conym rozwojem, innowacjami i nowymi strategiami na rzecz czystszego transportu.","breadcrumb":{"@id":"https:\/\/www.wfsitalia.com\/pl\/autogasday-2025-przyszlosc-alternatywnej-mobilnosci-opartej-na-lpg-omawiana-w-rio-de-janeiro\/#breadcrumb"},"inLanguage":"pl-PL","potentialAction":[{"@type":"ReadAction","target":["https:\/\/www.wfsitalia.com\/pl\/autogasday-2025-przyszlosc-alternatywnej-mobilnosci-opartej-na-lpg-omawiana-w-rio-de-janeiro\/"]}]},{"@type":"ImageObject","inLanguage":"pl-PL","@id":"https:\/\/www.wfsitalia.com\/pl\/autogasday-2025-przyszlosc-alternatywnej-mobilnosci-opartej-na-lpg-omawiana-w-rio-de-janeiro\/#primaryimage","url":"https:\/\/www.wfsitalia.com\/wp-content\/uploads\/2025\/10\/auto-gas-day-2021-insert-300x123.webp","contentUrl":"https:\/\/www.wfsitalia.com\/wp-content\/uploads\/2025\/10\/auto-gas-day-2021-insert-300x123.webp"},{"@type":"BreadcrumbList","@id":"https:\/\/www.wfsitalia.com\/pl\/autogasday-2025-przyszlosc-alternatywnej-mobilnosci-opartej-na-lpg-omawiana-w-rio-de-janeiro\/#breadcrumb","itemListElement":[{"@type":"ListItem","position":1,"name":"Home","item":"https:\/\/www.wfsitalia.com\/pl\/"},{"@type":"ListItem","position":2,"name":"AUTOGASDAY 2025: przysz\u0142o\u015b\u0107 alternatywnej mobilno\u015bci opartej na LPG omawiana w Rio de Janeiro"}]},{"@type":"WebSite","@id":"https:\/\/www.wfsitalia.com\/pl\/#website","url":"https:\/\/www.wfsitalia.com\/pl\/","name":"WFS Italia","description":"Westport Fuel Systems Inc.","potentialAction":[{"@type":"SearchAction","target":{"@type":"EntryPoint","urlTemplate":"https:\/\/www.wfsitalia.com\/pl\/?s={search_term_string}"},"query-input":{"@type":"PropertyValueSpecification","valueRequired":true,"valueName":"search_term_string"}}],"inLanguage":"pl-PL"},{"@type":"Person","@id":"https:\/\/www.wfsitalia.com\/pl\/#\/schema\/person\/f26491b5045fbc038b6214b5a6a4bfe2","name":"Davide.Colombano@wfsinc.com","image":{"@type":"ImageObject","inLanguage":"pl-PL","@id":"https:\/\/secure.gravatar.com\/avatar\/6453bde75acb4ccb179008e04a917e08b1b143bec50863ec6512f0af45680fb2?s=96&d=mm&r=g","url":"https:\/\/secure.gravatar.com\/avatar\/6453bde75acb4ccb179008e04a917e08b1b143bec50863ec6512f0af45680fb2?s=96&d=mm&r=g","contentUrl":"https:\/\/secure.gravatar.com\/avatar\/6453bde75acb4ccb179008e04a917e08b1b143bec50863ec6512f0af45680fb2?s=96&d=mm&r=g","caption":"Davide.Colombano@wfsinc.com"}}]}},"_links":{"self":[{"href":"https:\/\/www.wfsitalia.com\/pl\/wp-json\/wp\/v2\/posts\/18658","targetHints":{"allow":["GET"]}}],"collection":[{"href":"https:\/\/www.wfsitalia.com\/pl\/wp-json\/wp\/v2\/posts"}],"about":[{"href":"https:\/\/www.wfsitalia.com\/pl\/wp-json\/wp\/v2\/types\/post"}],"author":[{"embeddable":true,"href":"https:\/\/www.wfsitalia.com\/pl\/wp-json\/wp\/v2\/users\/11"}],"replies":[{"embeddable":true,"href":"https:\/\/www.wfsitalia.com\/pl\/wp-json\/wp\/v2\/comments?post=18658"}],"version-history":[{"count":3,"href":"https:\/\/www.wfsitalia.com\/pl\/wp-json\/wp\/v2\/posts\/18658\/revisions"}],"predecessor-version":[{"id":18662,"href":"https:\/\/www.wfsitalia.com\/pl\/wp-json\/wp\/v2\/posts\/18658\/revisions\/18662"}],"wp:attachment":[{"href":"https:\/\/www.wfsitalia.com\/pl\/wp-json\/wp\/v2\/media?parent=18658"}],"wp:term":[{"taxonomy":"category","embeddable":true,"href":"https:\/\/www.wfsitalia.com\/pl\/wp-json\/wp\/v2\/categories?post=18658"},{"taxonomy":"post_tag","embeddable":true,"href":"https:\/\/www.wfsitalia.com\/pl\/wp-json\/wp\/v2\/tags?post=18658"}],"curies":[{"name":"wp","href":"https:\/\/api.w.org\/{rel}","templated":true}]}}