{"id":14537,"date":"2025-09-12T15:33:18","date_gmt":"2025-09-12T15:33:18","guid":{"rendered":"https:\/\/www.wfsitalia.com\/?p=14537"},"modified":"2025-10-23T13:54:43","modified_gmt":"2025-10-23T13:54:43","slug":"autogasday-2025-il-futuro-della-mobilita-alternativa-a-gpl-si-discute-a-rio-de-janeiro","status":"publish","type":"post","link":"https:\/\/www.wfsitalia.com\/it\/autogasday-2025-il-futuro-della-mobilita-alternativa-a-gpl-si-discute-a-rio-de-janeiro\/","title":{"rendered":"AUTOGASDAY 2025: il futuro della mobilit\u00e0 alternativa a GPL si discute a Rio de Janeiro"},"content":{"rendered":"\n<p><\/p>\n\n\n<p>Il\u00a0<strong>GPL<\/strong>\u00a0\u00e8 una delle alternative pi\u00f9 ecologiche ed economiche ai carburanti tradizionali, gi\u00e0 scelta da oltre\u00a0<strong>27 milioni di automobilisti<\/strong>\u00a0in tutto il mondo. Riduce le emissioni e i costi di esercizio, contribuendo a una mobilit\u00e0 pi\u00f9 sostenibile e accessibile.<\/p>\n<p>Il\u00a0<strong>25 settembre 2025<\/strong>, a\u00a0<strong>Rio de Janeiro<\/strong>, nell\u2019ambito della\u00a0<strong>LiquidGasWeek<\/strong>, si terr\u00e0\u00a0<strong>AUTOGASDAY<\/strong>, l\u2019appuntamento internazionale dedicato alla mobilit\u00e0 alternativa a GPL.<\/p>\n<p>Relatori ed esperti provenienti da tutto il mondo condivideranno aggiornamenti, trend e strategie per un futuro pi\u00f9 sostenibile ed efficiente nel settore automotive.<\/p>\n<p>Il GPL, \u00e8 il terzo carburante per autotrazione pi\u00f9 utilizzato al mondo e il carburante alternativo pi\u00f9 accessibile. Il GPL emette particolato quasi trascurabile, meno CO2 e riduce le emissioni, inclusi gli NOx. Guidare un veicolo a GPL \u00e8 sicuro, facile e in genere pi\u00f9 economico rispetto a un modello a benzina o diesel.\u00a0 La validit\u00e0 del GPL come carburante per autotrazione pulito e moderno diventa ancora pi\u00f9 forte con l&#8217;arrivo del GPL da fonti rinnovabili.<\/p>\n<p><img decoding=\"async\" src=\"https:\/\/www.wfsitalia.com\/wp-content\/uploads\/2025\/10\/auto-gas-day-2021-insert-300x123.webp\" sizes=\"(max-width: 300px) 100vw, 300px\" srcset=\"https:\/\/www.wfsitalia.com\/wp-content\/uploads\/2025\/10\/auto-gas-day-2021-insert-300x123.webp 300w, https:\/\/www.wfsitalia.com\/wp-content\/uploads\/2025\/10\/auto-gas-day-2021-insert-1024x420.webp 1024w, https:\/\/www.wfsitalia.com\/wp-content\/uploads\/2025\/10\/auto-gas-day-2021-insert-1536x631.webp 1536w, https:\/\/www.wfsitalia.com\/wp-content\/uploads\/2025\/10\/auto-gas-day-2021-insert.webp 1600w\" alt=\"\" width=\"300\" height=\"123\" \/><\/p>\n<p>Scopri di pi\u00f9:\u00a0<a style=\"color: black;\" href=\"http:\/\/www.liquidgasweek.com\/autogas-day\"><strong>www.liquidgasweek.com\/autogas-day<\/strong><\/a><\/p>\n\n\n<p><\/p>\n","protected":false},"excerpt":{"rendered":"<p>Il\u00a0GPL\u00a0\u00e8 una delle alternative pi\u00f9 ecologiche ed economiche ai carburanti tradizionali, gi\u00e0 scelta da oltre\u00a027 milioni di automobilisti\u00a0in tutto il mondo. Riduce le emissioni e i costi di esercizio, contribuendo a una mobilit\u00e0 pi\u00f9 sostenibile e accessibile. Il\u00a025 settembre 2025, a\u00a0Rio de Janeiro, nell\u2019ambito della\u00a0LiquidGasWeek, si terr\u00e0\u00a0AUTOGASDAY, l\u2019appuntamento internazionale dedicato alla mobilit\u00e0 alternativa a GPL. [&hellip;]<\/p>\n","protected":false},"author":11,"featured_media":14574,"comment_status":"closed","ping_status":"open","sticky":false,"template":"","format":"standard","meta":{"_themeisle_gutenberg_block_has_review":false,"footnotes":""},"categories":[32],"tags":[],"class_list":["post-14537","post","type-post","status-publish","format-standard","has-post-thumbnail","hentry","category-eventi"],"yoast_head":"<!-- This site is optimized with the Yoast SEO plugin v27.5 - https:\/\/yoast.com\/product\/yoast-seo-wordpress\/ -->\n<title>AUTOGASDAY 2025: il futuro della mobilit\u00e0 alternativa a GPL si discute a Rio de Janeiro - WFS Italia AUTOGASDAY 2025: il futuro del GPL a Rio de Janeiro<\/title>\n<meta name=\"description\" content=\"A Rio de Janeiro si discute il futuro della mobilit\u00e0 a GPL: sostenibilit\u00e0, innovazione e nuove strategie per un trasporto pi\u00f9 pulito.\" \/>\n<meta name=\"robots\" content=\"index, follow, max-snippet:-1, max-image-preview:large, max-video-preview:-1\" \/>\n<link rel=\"canonical\" href=\"https:\/\/www.wfsitalia.com\/it\/autogasday-2025-il-futuro-della-mobilita-alternativa-a-gpl-si-discute-a-rio-de-janeiro\/\" \/>\n<meta property=\"og:locale\" content=\"it_IT\" \/>\n<meta property=\"og:type\" content=\"article\" \/>\n<meta property=\"og:title\" content=\"AUTOGASDAY 2025: il futuro della mobilit\u00e0 alternativa a GPL si discute a Rio de Janeiro - WFS Italia AUTOGASDAY 2025: il futuro del GPL a Rio de Janeiro\" \/>\n<meta property=\"og:description\" content=\"A Rio de Janeiro si discute il futuro della mobilit\u00e0 a GPL: sostenibilit\u00e0, innovazione e nuove strategie per un trasporto pi\u00f9 pulito.\" \/>\n<meta property=\"og:url\" content=\"https:\/\/www.wfsitalia.com\/it\/autogasday-2025-il-futuro-della-mobilita-alternativa-a-gpl-si-discute-a-rio-de-janeiro\/\" \/>\n<meta property=\"og:site_name\" content=\"WFS Italia\" \/>\n<meta property=\"article:published_time\" content=\"2025-09-12T15:33:18+00:00\" \/>\n<meta property=\"article:modified_time\" content=\"2025-10-23T13:54:43+00:00\" \/>\n<meta property=\"og:image\" content=\"https:\/\/www.wfsitalia.com\/wp-content\/uploads\/2025\/09\/Frame-11.png\" \/>\n\t<meta property=\"og:image:width\" content=\"1600\" \/>\n\t<meta property=\"og:image:height\" content=\"900\" \/>\n\t<meta property=\"og:image:type\" content=\"image\/png\" \/>\n<meta name=\"author\" content=\"Davide.Colombano@wfsinc.com\" \/>\n<meta name=\"twitter:card\" content=\"summary_large_image\" \/>\n<meta name=\"twitter:label1\" content=\"Scritto da\" \/>\n\t<meta name=\"twitter:data1\" content=\"Davide.Colombano@wfsinc.com\" \/>\n\t<meta name=\"twitter:label2\" content=\"Tempo di lettura stimato\" \/>\n\t<meta name=\"twitter:data2\" content=\"2 minuti\" \/>\n<script type=\"application\/ld+json\" class=\"yoast-schema-graph\">{\"@context\":\"https:\\\/\\\/schema.org\",\"@graph\":[{\"@type\":\"Article\",\"@id\":\"https:\\\/\\\/www.wfsitalia.com\\\/it\\\/autogasday-2025-il-futuro-della-mobilita-alternativa-a-gpl-si-discute-a-rio-de-janeiro\\\/#article\",\"isPartOf\":{\"@id\":\"https:\\\/\\\/www.wfsitalia.com\\\/it\\\/autogasday-2025-il-futuro-della-mobilita-alternativa-a-gpl-si-discute-a-rio-de-janeiro\\\/\"},\"author\":{\"name\":\"Davide.Colombano@wfsinc.com\",\"@id\":\"https:\\\/\\\/www.wfsitalia.com\\\/it\\\/#\\\/schema\\\/person\\\/f26491b5045fbc038b6214b5a6a4bfe2\"},\"headline\":\"AUTOGASDAY 2025: il futuro della mobilit\u00e0 alternativa a GPL si discute a Rio de Janeiro\",\"datePublished\":\"2025-09-12T15:33:18+00:00\",\"dateModified\":\"2025-10-23T13:54:43+00:00\",\"mainEntityOfPage\":{\"@id\":\"https:\\\/\\\/www.wfsitalia.com\\\/it\\\/autogasday-2025-il-futuro-della-mobilita-alternativa-a-gpl-si-discute-a-rio-de-janeiro\\\/\"},\"wordCount\":180,\"image\":{\"@id\":\"https:\\\/\\\/www.wfsitalia.com\\\/it\\\/autogasday-2025-il-futuro-della-mobilita-alternativa-a-gpl-si-discute-a-rio-de-janeiro\\\/#primaryimage\"},\"thumbnailUrl\":\"https:\\\/\\\/www.wfsitalia.com\\\/wp-content\\\/uploads\\\/2025\\\/09\\\/Frame-11.png\",\"articleSection\":[\"Eventi\"],\"inLanguage\":\"it-IT\"},{\"@type\":\"WebPage\",\"@id\":\"https:\\\/\\\/www.wfsitalia.com\\\/it\\\/autogasday-2025-il-futuro-della-mobilita-alternativa-a-gpl-si-discute-a-rio-de-janeiro\\\/\",\"url\":\"https:\\\/\\\/www.wfsitalia.com\\\/it\\\/autogasday-2025-il-futuro-della-mobilita-alternativa-a-gpl-si-discute-a-rio-de-janeiro\\\/\",\"name\":\"AUTOGASDAY 2025: il futuro della mobilit\u00e0 alternativa a GPL si discute a Rio de Janeiro - WFS Italia AUTOGASDAY 2025: il futuro del GPL a Rio de Janeiro\",\"isPartOf\":{\"@id\":\"https:\\\/\\\/www.wfsitalia.com\\\/it\\\/#website\"},\"primaryImageOfPage\":{\"@id\":\"https:\\\/\\\/www.wfsitalia.com\\\/it\\\/autogasday-2025-il-futuro-della-mobilita-alternativa-a-gpl-si-discute-a-rio-de-janeiro\\\/#primaryimage\"},\"image\":{\"@id\":\"https:\\\/\\\/www.wfsitalia.com\\\/it\\\/autogasday-2025-il-futuro-della-mobilita-alternativa-a-gpl-si-discute-a-rio-de-janeiro\\\/#primaryimage\"},\"thumbnailUrl\":\"https:\\\/\\\/www.wfsitalia.com\\\/wp-content\\\/uploads\\\/2025\\\/09\\\/Frame-11.png\",\"datePublished\":\"2025-09-12T15:33:18+00:00\",\"dateModified\":\"2025-10-23T13:54:43+00:00\",\"author\":{\"@id\":\"https:\\\/\\\/www.wfsitalia.com\\\/it\\\/#\\\/schema\\\/person\\\/f26491b5045fbc038b6214b5a6a4bfe2\"},\"description\":\"A Rio de Janeiro si discute il futuro della mobilit\u00e0 a GPL: sostenibilit\u00e0, innovazione e nuove strategie per un trasporto pi\u00f9 pulito.\",\"breadcrumb\":{\"@id\":\"https:\\\/\\\/www.wfsitalia.com\\\/it\\\/autogasday-2025-il-futuro-della-mobilita-alternativa-a-gpl-si-discute-a-rio-de-janeiro\\\/#breadcrumb\"},\"inLanguage\":\"it-IT\",\"potentialAction\":[{\"@type\":\"ReadAction\",\"target\":[\"https:\\\/\\\/www.wfsitalia.com\\\/it\\\/autogasday-2025-il-futuro-della-mobilita-alternativa-a-gpl-si-discute-a-rio-de-janeiro\\\/\"]}]},{\"@type\":\"ImageObject\",\"inLanguage\":\"it-IT\",\"@id\":\"https:\\\/\\\/www.wfsitalia.com\\\/it\\\/autogasday-2025-il-futuro-della-mobilita-alternativa-a-gpl-si-discute-a-rio-de-janeiro\\\/#primaryimage\",\"url\":\"https:\\\/\\\/www.wfsitalia.com\\\/wp-content\\\/uploads\\\/2025\\\/09\\\/Frame-11.png\",\"contentUrl\":\"https:\\\/\\\/www.wfsitalia.com\\\/wp-content\\\/uploads\\\/2025\\\/09\\\/Frame-11.png\",\"width\":1600,\"height\":900},{\"@type\":\"BreadcrumbList\",\"@id\":\"https:\\\/\\\/www.wfsitalia.com\\\/it\\\/autogasday-2025-il-futuro-della-mobilita-alternativa-a-gpl-si-discute-a-rio-de-janeiro\\\/#breadcrumb\",\"itemListElement\":[{\"@type\":\"ListItem\",\"position\":1,\"name\":\"Home\",\"item\":\"https:\\\/\\\/www.wfsitalia.com\\\/it\\\/\"},{\"@type\":\"ListItem\",\"position\":2,\"name\":\"AUTOGASDAY 2025: il futuro della mobilit\u00e0 alternativa a GPL si discute a Rio de Janeiro\"}]},{\"@type\":\"WebSite\",\"@id\":\"https:\\\/\\\/www.wfsitalia.com\\\/it\\\/#website\",\"url\":\"https:\\\/\\\/www.wfsitalia.com\\\/it\\\/\",\"name\":\"WFS Italia\",\"description\":\"Westport Fuel Systems Inc.\",\"potentialAction\":[{\"@type\":\"SearchAction\",\"target\":{\"@type\":\"EntryPoint\",\"urlTemplate\":\"https:\\\/\\\/www.wfsitalia.com\\\/it\\\/?s={search_term_string}\"},\"query-input\":{\"@type\":\"PropertyValueSpecification\",\"valueRequired\":true,\"valueName\":\"search_term_string\"}}],\"inLanguage\":\"it-IT\"},{\"@type\":\"Person\",\"@id\":\"https:\\\/\\\/www.wfsitalia.com\\\/it\\\/#\\\/schema\\\/person\\\/f26491b5045fbc038b6214b5a6a4bfe2\",\"name\":\"Davide.Colombano@wfsinc.com\",\"image\":{\"@type\":\"ImageObject\",\"inLanguage\":\"it-IT\",\"@id\":\"https:\\\/\\\/secure.gravatar.com\\\/avatar\\\/6453bde75acb4ccb179008e04a917e08b1b143bec50863ec6512f0af45680fb2?s=96&d=mm&r=g\",\"url\":\"https:\\\/\\\/secure.gravatar.com\\\/avatar\\\/6453bde75acb4ccb179008e04a917e08b1b143bec50863ec6512f0af45680fb2?s=96&d=mm&r=g\",\"contentUrl\":\"https:\\\/\\\/secure.gravatar.com\\\/avatar\\\/6453bde75acb4ccb179008e04a917e08b1b143bec50863ec6512f0af45680fb2?s=96&d=mm&r=g\",\"caption\":\"Davide.Colombano@wfsinc.com\"}}]}<\/script>\n<!-- \/ Yoast SEO plugin. -->","yoast_head_json":{"title":"AUTOGASDAY 2025: il futuro della mobilit\u00e0 alternativa a GPL si discute a Rio de Janeiro - WFS Italia AUTOGASDAY 2025: il futuro del GPL a Rio de Janeiro","description":"A Rio de Janeiro si discute il futuro della mobilit\u00e0 a GPL: sostenibilit\u00e0, innovazione e nuove strategie per un trasporto pi\u00f9 pulito.","robots":{"index":"index","follow":"follow","max-snippet":"max-snippet:-1","max-image-preview":"max-image-preview:large","max-video-preview":"max-video-preview:-1"},"canonical":"https:\/\/www.wfsitalia.com\/it\/autogasday-2025-il-futuro-della-mobilita-alternativa-a-gpl-si-discute-a-rio-de-janeiro\/","og_locale":"it_IT","og_type":"article","og_title":"AUTOGASDAY 2025: il futuro della mobilit\u00e0 alternativa a GPL si discute a Rio de Janeiro - WFS Italia AUTOGASDAY 2025: il futuro del GPL a Rio de Janeiro","og_description":"A Rio de Janeiro si discute il futuro della mobilit\u00e0 a GPL: sostenibilit\u00e0, innovazione e nuove strategie per un trasporto pi\u00f9 pulito.","og_url":"https:\/\/www.wfsitalia.com\/it\/autogasday-2025-il-futuro-della-mobilita-alternativa-a-gpl-si-discute-a-rio-de-janeiro\/","og_site_name":"WFS Italia","article_published_time":"2025-09-12T15:33:18+00:00","article_modified_time":"2025-10-23T13:54:43+00:00","og_image":[{"width":1600,"height":900,"url":"https:\/\/www.wfsitalia.com\/wp-content\/uploads\/2025\/09\/Frame-11.png","type":"image\/png"}],"author":"Davide.Colombano@wfsinc.com","twitter_card":"summary_large_image","twitter_misc":{"Scritto da":"Davide.Colombano@wfsinc.com","Tempo di lettura stimato":"2 minuti"},"schema":{"@context":"https:\/\/schema.org","@graph":[{"@type":"Article","@id":"https:\/\/www.wfsitalia.com\/it\/autogasday-2025-il-futuro-della-mobilita-alternativa-a-gpl-si-discute-a-rio-de-janeiro\/#article","isPartOf":{"@id":"https:\/\/www.wfsitalia.com\/it\/autogasday-2025-il-futuro-della-mobilita-alternativa-a-gpl-si-discute-a-rio-de-janeiro\/"},"author":{"name":"Davide.Colombano@wfsinc.com","@id":"https:\/\/www.wfsitalia.com\/it\/#\/schema\/person\/f26491b5045fbc038b6214b5a6a4bfe2"},"headline":"AUTOGASDAY 2025: il futuro della mobilit\u00e0 alternativa a GPL si discute a Rio de Janeiro","datePublished":"2025-09-12T15:33:18+00:00","dateModified":"2025-10-23T13:54:43+00:00","mainEntityOfPage":{"@id":"https:\/\/www.wfsitalia.com\/it\/autogasday-2025-il-futuro-della-mobilita-alternativa-a-gpl-si-discute-a-rio-de-janeiro\/"},"wordCount":180,"image":{"@id":"https:\/\/www.wfsitalia.com\/it\/autogasday-2025-il-futuro-della-mobilita-alternativa-a-gpl-si-discute-a-rio-de-janeiro\/#primaryimage"},"thumbnailUrl":"https:\/\/www.wfsitalia.com\/wp-content\/uploads\/2025\/09\/Frame-11.png","articleSection":["Eventi"],"inLanguage":"it-IT"},{"@type":"WebPage","@id":"https:\/\/www.wfsitalia.com\/it\/autogasday-2025-il-futuro-della-mobilita-alternativa-a-gpl-si-discute-a-rio-de-janeiro\/","url":"https:\/\/www.wfsitalia.com\/it\/autogasday-2025-il-futuro-della-mobilita-alternativa-a-gpl-si-discute-a-rio-de-janeiro\/","name":"AUTOGASDAY 2025: il futuro della mobilit\u00e0 alternativa a GPL si discute a Rio de Janeiro - WFS Italia AUTOGASDAY 2025: il futuro del GPL a Rio de Janeiro","isPartOf":{"@id":"https:\/\/www.wfsitalia.com\/it\/#website"},"primaryImageOfPage":{"@id":"https:\/\/www.wfsitalia.com\/it\/autogasday-2025-il-futuro-della-mobilita-alternativa-a-gpl-si-discute-a-rio-de-janeiro\/#primaryimage"},"image":{"@id":"https:\/\/www.wfsitalia.com\/it\/autogasday-2025-il-futuro-della-mobilita-alternativa-a-gpl-si-discute-a-rio-de-janeiro\/#primaryimage"},"thumbnailUrl":"https:\/\/www.wfsitalia.com\/wp-content\/uploads\/2025\/09\/Frame-11.png","datePublished":"2025-09-12T15:33:18+00:00","dateModified":"2025-10-23T13:54:43+00:00","author":{"@id":"https:\/\/www.wfsitalia.com\/it\/#\/schema\/person\/f26491b5045fbc038b6214b5a6a4bfe2"},"description":"A Rio de Janeiro si discute il futuro della mobilit\u00e0 a GPL: sostenibilit\u00e0, innovazione e nuove strategie per un trasporto pi\u00f9 pulito.","breadcrumb":{"@id":"https:\/\/www.wfsitalia.com\/it\/autogasday-2025-il-futuro-della-mobilita-alternativa-a-gpl-si-discute-a-rio-de-janeiro\/#breadcrumb"},"inLanguage":"it-IT","potentialAction":[{"@type":"ReadAction","target":["https:\/\/www.wfsitalia.com\/it\/autogasday-2025-il-futuro-della-mobilita-alternativa-a-gpl-si-discute-a-rio-de-janeiro\/"]}]},{"@type":"ImageObject","inLanguage":"it-IT","@id":"https:\/\/www.wfsitalia.com\/it\/autogasday-2025-il-futuro-della-mobilita-alternativa-a-gpl-si-discute-a-rio-de-janeiro\/#primaryimage","url":"https:\/\/www.wfsitalia.com\/wp-content\/uploads\/2025\/09\/Frame-11.png","contentUrl":"https:\/\/www.wfsitalia.com\/wp-content\/uploads\/2025\/09\/Frame-11.png","width":1600,"height":900},{"@type":"BreadcrumbList","@id":"https:\/\/www.wfsitalia.com\/it\/autogasday-2025-il-futuro-della-mobilita-alternativa-a-gpl-si-discute-a-rio-de-janeiro\/#breadcrumb","itemListElement":[{"@type":"ListItem","position":1,"name":"Home","item":"https:\/\/www.wfsitalia.com\/it\/"},{"@type":"ListItem","position":2,"name":"AUTOGASDAY 2025: il futuro della mobilit\u00e0 alternativa a GPL si discute a Rio de Janeiro"}]},{"@type":"WebSite","@id":"https:\/\/www.wfsitalia.com\/it\/#website","url":"https:\/\/www.wfsitalia.com\/it\/","name":"WFS Italia","description":"Westport Fuel Systems Inc.","potentialAction":[{"@type":"SearchAction","target":{"@type":"EntryPoint","urlTemplate":"https:\/\/www.wfsitalia.com\/it\/?s={search_term_string}"},"query-input":{"@type":"PropertyValueSpecification","valueRequired":true,"valueName":"search_term_string"}}],"inLanguage":"it-IT"},{"@type":"Person","@id":"https:\/\/www.wfsitalia.com\/it\/#\/schema\/person\/f26491b5045fbc038b6214b5a6a4bfe2","name":"Davide.Colombano@wfsinc.com","image":{"@type":"ImageObject","inLanguage":"it-IT","@id":"https:\/\/secure.gravatar.com\/avatar\/6453bde75acb4ccb179008e04a917e08b1b143bec50863ec6512f0af45680fb2?s=96&d=mm&r=g","url":"https:\/\/secure.gravatar.com\/avatar\/6453bde75acb4ccb179008e04a917e08b1b143bec50863ec6512f0af45680fb2?s=96&d=mm&r=g","contentUrl":"https:\/\/secure.gravatar.com\/avatar\/6453bde75acb4ccb179008e04a917e08b1b143bec50863ec6512f0af45680fb2?s=96&d=mm&r=g","caption":"Davide.Colombano@wfsinc.com"}}]}},"_links":{"self":[{"href":"https:\/\/www.wfsitalia.com\/it\/wp-json\/wp\/v2\/posts\/14537","targetHints":{"allow":["GET"]}}],"collection":[{"href":"https:\/\/www.wfsitalia.com\/it\/wp-json\/wp\/v2\/posts"}],"about":[{"href":"https:\/\/www.wfsitalia.com\/it\/wp-json\/wp\/v2\/types\/post"}],"author":[{"embeddable":true,"href":"https:\/\/www.wfsitalia.com\/it\/wp-json\/wp\/v2\/users\/11"}],"replies":[{"embeddable":true,"href":"https:\/\/www.wfsitalia.com\/it\/wp-json\/wp\/v2\/comments?post=14537"}],"version-history":[{"count":25,"href":"https:\/\/www.wfsitalia.com\/it\/wp-json\/wp\/v2\/posts\/14537\/revisions"}],"predecessor-version":[{"id":14610,"href":"https:\/\/www.wfsitalia.com\/it\/wp-json\/wp\/v2\/posts\/14537\/revisions\/14610"}],"wp:featuredmedia":[{"embeddable":true,"href":"https:\/\/www.wfsitalia.com\/it\/wp-json\/wp\/v2\/media\/14574"}],"wp:attachment":[{"href":"https:\/\/www.wfsitalia.com\/it\/wp-json\/wp\/v2\/media?parent=14537"}],"wp:term":[{"taxonomy":"category","embeddable":true,"href":"https:\/\/www.wfsitalia.com\/it\/wp-json\/wp\/v2\/categories?post=14537"},{"taxonomy":"post_tag","embeddable":true,"href":"https:\/\/www.wfsitalia.com\/it\/wp-json\/wp\/v2\/tags?post=14537"}],"curies":[{"name":"wp","href":"https:\/\/api.w.org\/{rel}","templated":true}]}}