{"id":18702,"date":"2025-09-12T15:33:18","date_gmt":"2025-09-12T15:33:18","guid":{"rendered":"https:\/\/www.wfsitalia.com\/autogasday-2025-el-futuro-de-la-movilidad-alternativa-con-glp-se-debate-en-rio-de-janeiro\/"},"modified":"2026-02-06T10:01:28","modified_gmt":"2026-02-06T10:01:28","slug":"autogasday-2025-el-futuro-de-la-movilidad-alternativa-con-glp-se-debate-en-rio-de-janeiro","status":"publish","type":"post","link":"https:\/\/www.wfsitalia.com\/es\/autogasday-2025-el-futuro-de-la-movilidad-alternativa-con-glp-se-debate-en-rio-de-janeiro\/","title":{"rendered":"AUTOGASDAY 2025: el futuro de la movilidad alternativa con GLP se debate en R\u00edo de Janeiro"},"content":{"rendered":"\n<p><\/p>\n<p>El <strong>GLP <\/strong>es una de las alternativas m\u00e1s ecol\u00f3gicas y econ\u00f3micas a los combustibles tradicionales, ya elegida por m\u00e1s de<strong> 27 millones de conductores<\/strong> en todo el mundo. Reduce las emisiones y los costes de funcionamiento, contribuyendo a una movilidad m\u00e1s sostenible y accesible. <\/p>\n<p>El<strong> 25 de septiembre de 2025<\/strong>, en <strong>R\u00edo de Janeiro<\/strong>, en el marco de la <strong>LiquidGasWeek<\/strong>, se celebrar\u00e1 el AUTOGASDAY, el evento internacional dedicado a la movilidad alternativa con GLP.<\/p>\n<p>Ponentes y expertos de todo el mundo compartir\u00e1n novedades, tendencias y estrategias para un futuro m\u00e1s sostenible y eficiente en el sector automovil\u00edstico.<\/p>\n<p>El GLP es el tercer combustible m\u00e1s utilizado en el mundo para la automoci\u00f3n y el combustible alternativo m\u00e1s accesible. El GLP emite part\u00edculas casi insignificantes, menos CO2 y reduce las emisiones, incluidos los NOx. Conducir un veh\u00edculo de GLP es seguro, f\u00e1cil y, por lo general, m\u00e1s econ\u00f3mico que un modelo de gasolina o di\u00e9sel. La validez del GLP como combustible limpio y moderno para veh\u00edculos se refuerza a\u00fan m\u00e1s con la llegada del GLP procedente de fuentes renovables.   <\/p>\n<p><img decoding=\"async\" src=\"https:\/\/www.wfsitalia.com\/wp-content\/uploads\/2025\/10\/auto-gas-day-2021-insert-300x123.webp\" sizes=\"(max-width: 300px) 100vw, 300px\" srcset=\"https:\/\/www.wfsitalia.com\/wp-content\/uploads\/2025\/10\/auto-gas-day-2021-insert-300x123.webp 300w, https:\/\/www.wfsitalia.com\/wp-content\/uploads\/2025\/10\/auto-gas-day-2021-insert-1024x420.webp 1024w, https:\/\/www.wfsitalia.com\/wp-content\/uploads\/2025\/10\/auto-gas-day-2021-insert-1536x631.webp 1536w, https:\/\/www.wfsitalia.com\/wp-content\/uploads\/2025\/10\/auto-gas-day-2021-insert.webp 1600w\" alt=\"\" width=\"300\" height=\"123\"><\/p>\n<p>M\u00e1s informaci\u00f3n: <strong><a style=\"color: black;\" href=\"http:\/\/www.liquidgasweek.com\/autogas-day\">www.liquidgasweek.com\/autogas-day<\/a><\/strong><\/p>\n\n<p><\/p>\n","protected":false},"excerpt":{"rendered":"<p>El GLP es una de las alternativas m\u00e1s ecol\u00f3gicas y econ\u00f3micas a los combustibles tradicionales, ya elegida por m\u00e1s de 27 millones de conductores en todo el mundo. Reduce las emisiones y los costes de funcionamiento, contribuyendo a una movilidad m\u00e1s sostenible y accesible. El 25 de septiembre de 2025, en R\u00edo de Janeiro, en [&hellip;]<\/p>\n","protected":false},"author":11,"featured_media":0,"comment_status":"closed","ping_status":"open","sticky":false,"template":"","format":"standard","meta":{"_themeisle_gutenberg_block_has_review":false,"footnotes":""},"categories":[40],"tags":[],"class_list":["post-18702","post","type-post","status-publish","format-standard","hentry","category-eventos"],"yoast_head":"<!-- This site is optimized with the Yoast SEO plugin v27.5 - https:\/\/yoast.com\/product\/yoast-seo-wordpress\/ -->\n<title>AUTOGASDAY 2025: el futuro de la movilidad alternativa con GLP se debate en R\u00edo de Janeiro - WFS Italia AUTOGASDAY 2025: el futuro del GLP en R\u00edo de Janeiro<\/title>\n<meta name=\"description\" content=\"En R\u00edo de Janeiro se debate el futuro de la movilidad con GLP: sostenibilidad, innovaci\u00f3n y nuevas estrategias para un transporte m\u00e1s limpio.\" \/>\n<meta name=\"robots\" content=\"index, follow, max-snippet:-1, max-image-preview:large, max-video-preview:-1\" \/>\n<link rel=\"canonical\" href=\"https:\/\/www.wfsitalia.com\/es\/autogasday-2025-el-futuro-de-la-movilidad-alternativa-con-glp-se-debate-en-rio-de-janeiro\/\" \/>\n<meta property=\"og:locale\" content=\"es_ES\" \/>\n<meta property=\"og:type\" content=\"article\" \/>\n<meta property=\"og:title\" content=\"AUTOGASDAY 2025: el futuro de la movilidad alternativa con GLP se debate en R\u00edo de Janeiro - WFS Italia AUTOGASDAY 2025: el futuro del GLP en R\u00edo de Janeiro\" \/>\n<meta property=\"og:description\" content=\"En R\u00edo de Janeiro se debate el futuro de la movilidad con GLP: sostenibilidad, innovaci\u00f3n y nuevas estrategias para un transporte m\u00e1s limpio.\" \/>\n<meta property=\"og:url\" content=\"https:\/\/www.wfsitalia.com\/es\/autogasday-2025-el-futuro-de-la-movilidad-alternativa-con-glp-se-debate-en-rio-de-janeiro\/\" \/>\n<meta property=\"og:site_name\" content=\"WFS Italia\" \/>\n<meta property=\"article:published_time\" content=\"2025-09-12T15:33:18+00:00\" \/>\n<meta property=\"article:modified_time\" content=\"2026-02-06T10:01:28+00:00\" \/>\n<meta property=\"og:image\" content=\"https:\/\/www.wfsitalia.com\/wp-content\/uploads\/2025\/09\/Frame-11.png\" \/>\n\t<meta property=\"og:image:width\" content=\"1600\" \/>\n\t<meta property=\"og:image:height\" content=\"900\" \/>\n\t<meta property=\"og:image:type\" content=\"image\/png\" \/>\n<meta name=\"author\" content=\"Davide.Colombano@wfsinc.com\" \/>\n<meta name=\"twitter:card\" content=\"summary_large_image\" \/>\n<meta name=\"twitter:label1\" content=\"Escrito por\" \/>\n\t<meta name=\"twitter:data1\" content=\"Davide.Colombano@wfsinc.com\" \/>\n\t<meta name=\"twitter:label2\" content=\"Tiempo de lectura\" \/>\n\t<meta name=\"twitter:data2\" content=\"1 minuto\" \/>\n<script type=\"application\/ld+json\" class=\"yoast-schema-graph\">{\"@context\":\"https:\\\/\\\/schema.org\",\"@graph\":[{\"@type\":\"Article\",\"@id\":\"https:\\\/\\\/www.wfsitalia.com\\\/es\\\/autogasday-2025-el-futuro-de-la-movilidad-alternativa-con-glp-se-debate-en-rio-de-janeiro\\\/#article\",\"isPartOf\":{\"@id\":\"https:\\\/\\\/www.wfsitalia.com\\\/es\\\/autogasday-2025-el-futuro-de-la-movilidad-alternativa-con-glp-se-debate-en-rio-de-janeiro\\\/\"},\"author\":{\"name\":\"Davide.Colombano@wfsinc.com\",\"@id\":\"https:\\\/\\\/www.wfsitalia.com\\\/es\\\/#\\\/schema\\\/person\\\/f26491b5045fbc038b6214b5a6a4bfe2\"},\"headline\":\"AUTOGASDAY 2025: el futuro de la movilidad alternativa con GLP se debate en R\u00edo de Janeiro\",\"datePublished\":\"2025-09-12T15:33:18+00:00\",\"dateModified\":\"2026-02-06T10:01:28+00:00\",\"mainEntityOfPage\":{\"@id\":\"https:\\\/\\\/www.wfsitalia.com\\\/es\\\/autogasday-2025-el-futuro-de-la-movilidad-alternativa-con-glp-se-debate-en-rio-de-janeiro\\\/\"},\"wordCount\":219,\"image\":{\"@id\":\"https:\\\/\\\/www.wfsitalia.com\\\/es\\\/autogasday-2025-el-futuro-de-la-movilidad-alternativa-con-glp-se-debate-en-rio-de-janeiro\\\/#primaryimage\"},\"thumbnailUrl\":\"https:\\\/\\\/www.wfsitalia.com\\\/wp-content\\\/uploads\\\/2025\\\/10\\\/auto-gas-day-2021-insert-300x123.webp\",\"articleSection\":[\"Eventos\"],\"inLanguage\":\"es\"},{\"@type\":\"WebPage\",\"@id\":\"https:\\\/\\\/www.wfsitalia.com\\\/es\\\/autogasday-2025-el-futuro-de-la-movilidad-alternativa-con-glp-se-debate-en-rio-de-janeiro\\\/\",\"url\":\"https:\\\/\\\/www.wfsitalia.com\\\/es\\\/autogasday-2025-el-futuro-de-la-movilidad-alternativa-con-glp-se-debate-en-rio-de-janeiro\\\/\",\"name\":\"AUTOGASDAY 2025: el futuro de la movilidad alternativa con GLP se debate en R\u00edo de Janeiro - WFS Italia AUTOGASDAY 2025: el futuro del GLP en R\u00edo de Janeiro\",\"isPartOf\":{\"@id\":\"https:\\\/\\\/www.wfsitalia.com\\\/es\\\/#website\"},\"primaryImageOfPage\":{\"@id\":\"https:\\\/\\\/www.wfsitalia.com\\\/es\\\/autogasday-2025-el-futuro-de-la-movilidad-alternativa-con-glp-se-debate-en-rio-de-janeiro\\\/#primaryimage\"},\"image\":{\"@id\":\"https:\\\/\\\/www.wfsitalia.com\\\/es\\\/autogasday-2025-el-futuro-de-la-movilidad-alternativa-con-glp-se-debate-en-rio-de-janeiro\\\/#primaryimage\"},\"thumbnailUrl\":\"https:\\\/\\\/www.wfsitalia.com\\\/wp-content\\\/uploads\\\/2025\\\/10\\\/auto-gas-day-2021-insert-300x123.webp\",\"datePublished\":\"2025-09-12T15:33:18+00:00\",\"dateModified\":\"2026-02-06T10:01:28+00:00\",\"author\":{\"@id\":\"https:\\\/\\\/www.wfsitalia.com\\\/es\\\/#\\\/schema\\\/person\\\/f26491b5045fbc038b6214b5a6a4bfe2\"},\"description\":\"En R\u00edo de Janeiro se debate el futuro de la movilidad con GLP: sostenibilidad, innovaci\u00f3n y nuevas estrategias para un transporte m\u00e1s limpio.\",\"breadcrumb\":{\"@id\":\"https:\\\/\\\/www.wfsitalia.com\\\/es\\\/autogasday-2025-el-futuro-de-la-movilidad-alternativa-con-glp-se-debate-en-rio-de-janeiro\\\/#breadcrumb\"},\"inLanguage\":\"es\",\"potentialAction\":[{\"@type\":\"ReadAction\",\"target\":[\"https:\\\/\\\/www.wfsitalia.com\\\/es\\\/autogasday-2025-el-futuro-de-la-movilidad-alternativa-con-glp-se-debate-en-rio-de-janeiro\\\/\"]}]},{\"@type\":\"ImageObject\",\"inLanguage\":\"es\",\"@id\":\"https:\\\/\\\/www.wfsitalia.com\\\/es\\\/autogasday-2025-el-futuro-de-la-movilidad-alternativa-con-glp-se-debate-en-rio-de-janeiro\\\/#primaryimage\",\"url\":\"https:\\\/\\\/www.wfsitalia.com\\\/wp-content\\\/uploads\\\/2025\\\/10\\\/auto-gas-day-2021-insert-300x123.webp\",\"contentUrl\":\"https:\\\/\\\/www.wfsitalia.com\\\/wp-content\\\/uploads\\\/2025\\\/10\\\/auto-gas-day-2021-insert-300x123.webp\"},{\"@type\":\"BreadcrumbList\",\"@id\":\"https:\\\/\\\/www.wfsitalia.com\\\/es\\\/autogasday-2025-el-futuro-de-la-movilidad-alternativa-con-glp-se-debate-en-rio-de-janeiro\\\/#breadcrumb\",\"itemListElement\":[{\"@type\":\"ListItem\",\"position\":1,\"name\":\"Home\",\"item\":\"https:\\\/\\\/www.wfsitalia.com\\\/es\\\/\"},{\"@type\":\"ListItem\",\"position\":2,\"name\":\"AUTOGASDAY 2025: el futuro de la movilidad alternativa con GLP se debate en R\u00edo de Janeiro\"}]},{\"@type\":\"WebSite\",\"@id\":\"https:\\\/\\\/www.wfsitalia.com\\\/es\\\/#website\",\"url\":\"https:\\\/\\\/www.wfsitalia.com\\\/es\\\/\",\"name\":\"WFS Italia\",\"description\":\"Westport Fuel Systems Inc.\",\"potentialAction\":[{\"@type\":\"SearchAction\",\"target\":{\"@type\":\"EntryPoint\",\"urlTemplate\":\"https:\\\/\\\/www.wfsitalia.com\\\/es\\\/?s={search_term_string}\"},\"query-input\":{\"@type\":\"PropertyValueSpecification\",\"valueRequired\":true,\"valueName\":\"search_term_string\"}}],\"inLanguage\":\"es\"},{\"@type\":\"Person\",\"@id\":\"https:\\\/\\\/www.wfsitalia.com\\\/es\\\/#\\\/schema\\\/person\\\/f26491b5045fbc038b6214b5a6a4bfe2\",\"name\":\"Davide.Colombano@wfsinc.com\",\"image\":{\"@type\":\"ImageObject\",\"inLanguage\":\"es\",\"@id\":\"https:\\\/\\\/secure.gravatar.com\\\/avatar\\\/6453bde75acb4ccb179008e04a917e08b1b143bec50863ec6512f0af45680fb2?s=96&d=mm&r=g\",\"url\":\"https:\\\/\\\/secure.gravatar.com\\\/avatar\\\/6453bde75acb4ccb179008e04a917e08b1b143bec50863ec6512f0af45680fb2?s=96&d=mm&r=g\",\"contentUrl\":\"https:\\\/\\\/secure.gravatar.com\\\/avatar\\\/6453bde75acb4ccb179008e04a917e08b1b143bec50863ec6512f0af45680fb2?s=96&d=mm&r=g\",\"caption\":\"Davide.Colombano@wfsinc.com\"}}]}<\/script>\n<!-- \/ Yoast SEO plugin. -->","yoast_head_json":{"title":"AUTOGASDAY 2025: el futuro de la movilidad alternativa con GLP se debate en R\u00edo de Janeiro - WFS Italia AUTOGASDAY 2025: el futuro del GLP en R\u00edo de Janeiro","description":"En R\u00edo de Janeiro se debate el futuro de la movilidad con GLP: sostenibilidad, innovaci\u00f3n y nuevas estrategias para un transporte m\u00e1s limpio.","robots":{"index":"index","follow":"follow","max-snippet":"max-snippet:-1","max-image-preview":"max-image-preview:large","max-video-preview":"max-video-preview:-1"},"canonical":"https:\/\/www.wfsitalia.com\/es\/autogasday-2025-el-futuro-de-la-movilidad-alternativa-con-glp-se-debate-en-rio-de-janeiro\/","og_locale":"es_ES","og_type":"article","og_title":"AUTOGASDAY 2025: el futuro de la movilidad alternativa con GLP se debate en R\u00edo de Janeiro - WFS Italia AUTOGASDAY 2025: el futuro del GLP en R\u00edo de Janeiro","og_description":"En R\u00edo de Janeiro se debate el futuro de la movilidad con GLP: sostenibilidad, innovaci\u00f3n y nuevas estrategias para un transporte m\u00e1s limpio.","og_url":"https:\/\/www.wfsitalia.com\/es\/autogasday-2025-el-futuro-de-la-movilidad-alternativa-con-glp-se-debate-en-rio-de-janeiro\/","og_site_name":"WFS Italia","article_published_time":"2025-09-12T15:33:18+00:00","article_modified_time":"2026-02-06T10:01:28+00:00","og_image":[{"width":1600,"height":900,"url":"https:\/\/www.wfsitalia.com\/wp-content\/uploads\/2025\/09\/Frame-11.png","type":"image\/png"}],"author":"Davide.Colombano@wfsinc.com","twitter_card":"summary_large_image","twitter_misc":{"Escrito por":"Davide.Colombano@wfsinc.com","Tiempo de lectura":"1 minuto"},"schema":{"@context":"https:\/\/schema.org","@graph":[{"@type":"Article","@id":"https:\/\/www.wfsitalia.com\/es\/autogasday-2025-el-futuro-de-la-movilidad-alternativa-con-glp-se-debate-en-rio-de-janeiro\/#article","isPartOf":{"@id":"https:\/\/www.wfsitalia.com\/es\/autogasday-2025-el-futuro-de-la-movilidad-alternativa-con-glp-se-debate-en-rio-de-janeiro\/"},"author":{"name":"Davide.Colombano@wfsinc.com","@id":"https:\/\/www.wfsitalia.com\/es\/#\/schema\/person\/f26491b5045fbc038b6214b5a6a4bfe2"},"headline":"AUTOGASDAY 2025: el futuro de la movilidad alternativa con GLP se debate en R\u00edo de Janeiro","datePublished":"2025-09-12T15:33:18+00:00","dateModified":"2026-02-06T10:01:28+00:00","mainEntityOfPage":{"@id":"https:\/\/www.wfsitalia.com\/es\/autogasday-2025-el-futuro-de-la-movilidad-alternativa-con-glp-se-debate-en-rio-de-janeiro\/"},"wordCount":219,"image":{"@id":"https:\/\/www.wfsitalia.com\/es\/autogasday-2025-el-futuro-de-la-movilidad-alternativa-con-glp-se-debate-en-rio-de-janeiro\/#primaryimage"},"thumbnailUrl":"https:\/\/www.wfsitalia.com\/wp-content\/uploads\/2025\/10\/auto-gas-day-2021-insert-300x123.webp","articleSection":["Eventos"],"inLanguage":"es"},{"@type":"WebPage","@id":"https:\/\/www.wfsitalia.com\/es\/autogasday-2025-el-futuro-de-la-movilidad-alternativa-con-glp-se-debate-en-rio-de-janeiro\/","url":"https:\/\/www.wfsitalia.com\/es\/autogasday-2025-el-futuro-de-la-movilidad-alternativa-con-glp-se-debate-en-rio-de-janeiro\/","name":"AUTOGASDAY 2025: el futuro de la movilidad alternativa con GLP se debate en R\u00edo de Janeiro - WFS Italia AUTOGASDAY 2025: el futuro del GLP en R\u00edo de Janeiro","isPartOf":{"@id":"https:\/\/www.wfsitalia.com\/es\/#website"},"primaryImageOfPage":{"@id":"https:\/\/www.wfsitalia.com\/es\/autogasday-2025-el-futuro-de-la-movilidad-alternativa-con-glp-se-debate-en-rio-de-janeiro\/#primaryimage"},"image":{"@id":"https:\/\/www.wfsitalia.com\/es\/autogasday-2025-el-futuro-de-la-movilidad-alternativa-con-glp-se-debate-en-rio-de-janeiro\/#primaryimage"},"thumbnailUrl":"https:\/\/www.wfsitalia.com\/wp-content\/uploads\/2025\/10\/auto-gas-day-2021-insert-300x123.webp","datePublished":"2025-09-12T15:33:18+00:00","dateModified":"2026-02-06T10:01:28+00:00","author":{"@id":"https:\/\/www.wfsitalia.com\/es\/#\/schema\/person\/f26491b5045fbc038b6214b5a6a4bfe2"},"description":"En R\u00edo de Janeiro se debate el futuro de la movilidad con GLP: sostenibilidad, innovaci\u00f3n y nuevas estrategias para un transporte m\u00e1s limpio.","breadcrumb":{"@id":"https:\/\/www.wfsitalia.com\/es\/autogasday-2025-el-futuro-de-la-movilidad-alternativa-con-glp-se-debate-en-rio-de-janeiro\/#breadcrumb"},"inLanguage":"es","potentialAction":[{"@type":"ReadAction","target":["https:\/\/www.wfsitalia.com\/es\/autogasday-2025-el-futuro-de-la-movilidad-alternativa-con-glp-se-debate-en-rio-de-janeiro\/"]}]},{"@type":"ImageObject","inLanguage":"es","@id":"https:\/\/www.wfsitalia.com\/es\/autogasday-2025-el-futuro-de-la-movilidad-alternativa-con-glp-se-debate-en-rio-de-janeiro\/#primaryimage","url":"https:\/\/www.wfsitalia.com\/wp-content\/uploads\/2025\/10\/auto-gas-day-2021-insert-300x123.webp","contentUrl":"https:\/\/www.wfsitalia.com\/wp-content\/uploads\/2025\/10\/auto-gas-day-2021-insert-300x123.webp"},{"@type":"BreadcrumbList","@id":"https:\/\/www.wfsitalia.com\/es\/autogasday-2025-el-futuro-de-la-movilidad-alternativa-con-glp-se-debate-en-rio-de-janeiro\/#breadcrumb","itemListElement":[{"@type":"ListItem","position":1,"name":"Home","item":"https:\/\/www.wfsitalia.com\/es\/"},{"@type":"ListItem","position":2,"name":"AUTOGASDAY 2025: el futuro de la movilidad alternativa con GLP se debate en R\u00edo de Janeiro"}]},{"@type":"WebSite","@id":"https:\/\/www.wfsitalia.com\/es\/#website","url":"https:\/\/www.wfsitalia.com\/es\/","name":"WFS Italia","description":"Westport Fuel Systems Inc.","potentialAction":[{"@type":"SearchAction","target":{"@type":"EntryPoint","urlTemplate":"https:\/\/www.wfsitalia.com\/es\/?s={search_term_string}"},"query-input":{"@type":"PropertyValueSpecification","valueRequired":true,"valueName":"search_term_string"}}],"inLanguage":"es"},{"@type":"Person","@id":"https:\/\/www.wfsitalia.com\/es\/#\/schema\/person\/f26491b5045fbc038b6214b5a6a4bfe2","name":"Davide.Colombano@wfsinc.com","image":{"@type":"ImageObject","inLanguage":"es","@id":"https:\/\/secure.gravatar.com\/avatar\/6453bde75acb4ccb179008e04a917e08b1b143bec50863ec6512f0af45680fb2?s=96&d=mm&r=g","url":"https:\/\/secure.gravatar.com\/avatar\/6453bde75acb4ccb179008e04a917e08b1b143bec50863ec6512f0af45680fb2?s=96&d=mm&r=g","contentUrl":"https:\/\/secure.gravatar.com\/avatar\/6453bde75acb4ccb179008e04a917e08b1b143bec50863ec6512f0af45680fb2?s=96&d=mm&r=g","caption":"Davide.Colombano@wfsinc.com"}}]}},"_links":{"self":[{"href":"https:\/\/www.wfsitalia.com\/es\/wp-json\/wp\/v2\/posts\/18702","targetHints":{"allow":["GET"]}}],"collection":[{"href":"https:\/\/www.wfsitalia.com\/es\/wp-json\/wp\/v2\/posts"}],"about":[{"href":"https:\/\/www.wfsitalia.com\/es\/wp-json\/wp\/v2\/types\/post"}],"author":[{"embeddable":true,"href":"https:\/\/www.wfsitalia.com\/es\/wp-json\/wp\/v2\/users\/11"}],"replies":[{"embeddable":true,"href":"https:\/\/www.wfsitalia.com\/es\/wp-json\/wp\/v2\/comments?post=18702"}],"version-history":[{"count":5,"href":"https:\/\/www.wfsitalia.com\/es\/wp-json\/wp\/v2\/posts\/18702\/revisions"}],"predecessor-version":[{"id":18708,"href":"https:\/\/www.wfsitalia.com\/es\/wp-json\/wp\/v2\/posts\/18702\/revisions\/18708"}],"wp:attachment":[{"href":"https:\/\/www.wfsitalia.com\/es\/wp-json\/wp\/v2\/media?parent=18702"}],"wp:term":[{"taxonomy":"category","embeddable":true,"href":"https:\/\/www.wfsitalia.com\/es\/wp-json\/wp\/v2\/categories?post=18702"},{"taxonomy":"post_tag","embeddable":true,"href":"https:\/\/www.wfsitalia.com\/es\/wp-json\/wp\/v2\/tags?post=18702"}],"curies":[{"name":"wp","href":"https:\/\/api.w.org\/{rel}","templated":true}]}}